{"id":1998,"date":"2022-07-13T12:02:44","date_gmt":"2022-07-13T10:02:44","guid":{"rendered":"https:\/\/competo-cp.de\/competo-und-w2-vermieten-1-550-qm-in-stuttgart-an-satellite-office\/"},"modified":"2025-02-24T14:59:07","modified_gmt":"2025-02-24T13:59:07","slug":"competo-und-w2-vermieten-1-550-qm-in-stuttgart-an-satellite-office","status":"publish","type":"post","link":"https:\/\/competo-cp.de\/en\/competo-und-w2-vermieten-1-550-qm-in-stuttgart-an-satellite-office\/","title":{"rendered":"Competo und W2 vermieten 1.550 qm in Stuttgart an Satellite Office"},"content":{"rendered":"<div class=\"wpb-content-wrapper\"><p>[vc_row section_type=&#8221;fullwidth&#8221; height_ratio=&#8221;40&#8243; padding_top_multiplier=&#8221;&#8221; rc_heading_color=&#8221;white&#8221; columns_gap=&#8221;30&#8243;][vc_column vertical_content_position=&#8221;bottom&#8221; full_height=&#8221;yes&#8221; rc_bg_type=&#8221;color&#8221; grve_css=&#8221;{&#8220;desktop&#8220;:{&#8220;padding-right&#8220;:&#8220;30px&#8220;,&#8220;padding-bottom&#8220;:&#8220;30px&#8220;,&#8220;padding-left&#8220;:&#8220;30px&#8220;,&#8220;class&#8220;:&#8220;grve-wpb-1713782247871&#8220;},&#8220;mobile_landscape&#8220;:{&#8220;padding-top&#8220;:&#8220;30px&#8220;,&#8220;padding-right&#8220;:&#8220;15px&#8220;,&#8220;padding-left&#8220;:&#8220;15px&#8220;}}&#8221; rc_bg_color=&#8221;#ed540c&#8221;]<h1 class=\"grve-element grve-title grve-align-inherit grve-h1 competo-headline\"><span><em>Competo und W2 vermieten 1.550 qm<\/em> in Stuttgart an Satellite Office.<\/span><\/h1>[\/vc_column][\/vc_row][vc_row section_type=&#8221;fullwidth&#8221; columns_gap=&#8221;60&#8243;][vc_column width=&#8221;2\/3&#8243; content_width=&#8221;95&#8243; mobile_content_width=&#8221;100&#8243;][vc_column_text css=&#8221;&#8221;]<strong>Berlin\/Stuttgart, 13. Juli 2022.<\/strong>\u00a0Das B\u00fcro- und Gesch\u00e4ftshaus \u201eK35\u201c \u2013 ein gemeinsames Projekt der W2 Development GmbH aus Stuttgart und dem M\u00fcnchner Investmentspezialisten Competo Capital Partners GmbH \u2013 hat bereits en halbes Jahr vor Fertigstellung einen neuen Mieter. Satellite Office, ein deutscher Marktf\u00fchrer f\u00fcr flexible Workspaces, Business und Converence-Center im Luxusbereich \u00fcbernimmt 1.550 Quadratmeter &#8211; das sind 75 Prozent der B\u00fcrofl\u00e4chen &#8211; f\u00fcr seinen neuen Standort in Stuttgart.<\/p>\n<p>\u00dcber einhundert flexibel nutzbare Arbeitspl\u00e4tze schafft Satellite Office im Herzen der baden-w\u00fcrttembergischen Landeshauptstadt zum Fr\u00fchjahr 2023. Anita G\u00f6diker, Inhaberin und Gesch\u00e4ftsf\u00fchrerin von Satellite Office: \u201eStuttgart ist einer der ma\u00dfgeblichen Wirtschaftsstandorte in Deutschland, Europas drittgr\u00f6\u00dfter IT-Standort und einer der deutschlandweit exportst\u00e4rksten Ballungsr\u00e4ume f\u00fcr Dienstleistungen. Der Bedarf nach flexiblen B\u00fcros und Arbeitspl\u00e4tzen ist entsprechend gro\u00df.\u201c Stuttgart ist dabei keine Ausnahme.<\/p>\n<p>Die Ver\u00e4nderung des Arbeitsverhaltens \u2013 und damit der Bedarf nach \u201eneuen\u201c Arbeitsmodellen \u2013 ist gepr\u00e4gt durch die Digitalisierung und hat aufgrund der Pandemie einen wahren Turbo erhalten. Immer mehr Menschen arbeiten au\u00dferhalb der klassischen Firmenzentrale, kombinieren Homeoffice mit B\u00fcro oder finden sich in Teamb\u00fcros zusammen. Dabei spielt eine gute Lage mit Erreichbarkeit per Bahn, Fahrrad oder auch zu Fu\u00df vom Hauptbahnhof eine wichtige Rolle.<\/p>\n<p>Im Satellite Office Stuttgart ist aber nicht nur die Adresse \u201eK\u00f6nigstra\u00dfe 35\u201c markant, sondern auch das Geb\u00e4ude: 1911 erstmals errichtet und nach seiner Zerst\u00f6rung 1949 wieder aufgebaut wird es derzeit durch einen Neubau als \u201eK35\u201c zu neuem Leben erweckt. Das moderne Geb\u00e4ude mit bodentiefen Fenstern erh\u00e4lt eine hochwertige Natursteinfassade aus Muschelkalk und wird das Stadtbild durch seine erstklassige Architektur pr\u00e4gen. \u201eWir freuen uns, mit Satellite Office, einem der deutschen Marktf\u00fchrer f\u00fcr flexible Workspaces, Business- und Conference-Center im Luxusbereich, bereits ein halbes Jahr vor der geplanten Fertigstellung den passenden Ankermieter f\u00fcr 75 Prozent unserer B\u00fcrofl\u00e4chen gefunden zu haben, so Frank Widmann und Ralf Simon, die Gesch\u00e4ftsf\u00fchrer des Eigent\u00fcmers, einem Joint-Venture der W2 Development GmbH aus Stuttgart und des M\u00fcnchner Investmentspezialisten Competo Capital Partners GmbH.<\/p>\n<p>Satellite Office setzt in der Innenausstattung des k\u00fcnftigen Stuttgarter Workspaces auf Ergonomie, ausreichend Platz und Ruhe zum gesunden, konzentrierten, produktiven Arbeiten. Mit umlaufenden Terrassen f\u00fcr viel frische Luft und einer Tiefgarage entstehen vom 3. bis zum 5. Obergeschoss auf einer Gesamtfl\u00e4che von 1550 qm 32 Einzelb\u00fcros mit \u00fcber sechzig Arbeitspl\u00e4tzen. Weitere vierzig Arbeitspl\u00e4tze finden sich in Teamb\u00fcros, Coworking-Spaces und Digital Rooms. Das Interior Design folgt der \u201epureSilent\u00aeby Satelllite Office -Strategie\u201c. Dank dieses mehrfach mit Architekturpreisen ausgezeichneten Raumkonzeptes, das auf Ruhe f\u00fcr konzentriertes und fokussiertes Arbeiten setzt, ist ab n\u00e4chstem Fr\u00fchjahr mitten in Stuttgart hybrides und agiles Arbeiten f\u00fcr maximale Produktivit\u00e4t m\u00f6glich. Mit Abstand und R\u00fcckzugsm\u00f6glichkeiten wie gesch\u00fctzten Break-out Areas, Phonebooth und schallgesch\u00fctzten Raum-in Raum-Systemen. Hochdigitalisierte, schallgesch\u00fctzte Mini-R\u00e4ume mit TV in 4K-Technologie erm\u00f6glichen die Teilnahme an digitalen Konferenzen auf h\u00f6chstem Niveau. High-Speed WLAN inklusive. Dabei sind alle Digital Rooms, Konferenzr\u00e4ume und Arbeitspl\u00e4tze stunden, tage-, wochen- und monatsweise mietbar. Dem Bedarf des modernen Menschen entsprechend! Anita G\u00f6diker: \u201eWir freuen uns, in Stuttgart nach langer Suche ein Satellite Office an den Start zu bringen, das nicht nur den Baden-W\u00fcrttembergern sondern auch unseren \u00fcber 3500 Satellite Office- Kund:innen einen Heimathafen in Stuttgart bieten wird. Und das auf h\u00f6chstem Niveau in Lage, Geb\u00e4ude<br \/>\nund Innenausstattung.\u201c[\/vc_column_text]<div class=\"grve-empty-space grve-height-2x\"><\/div><div class=\"grve-element grve-image grve-align-center\">\r\n\t<div class=\"grve-image-item\">\r\n\t\t\r\n\r\n<div class=\"grve-image-wrapper grve-no-effect\">\r\n\t\t<div class=\"grve-thumbnail-wrapper\"  style=\"width: 1800px;\"><div class=\"grve-thumbnail\"  style=\"padding-top: 75%;\"><img loading=\"lazy\" decoding=\"async\" width=\"1800\" height=\"1350\" src=\"https:\/\/competo-cp.de\/wp-content\/uploads\/2024\/06\/Frontale.jpg\" class=\"attachment-full size-full\" alt=\"\" data-column-space=\"auto\" data-lazyload=\"\" data-grve-filter=\"yes\" srcset=\"https:\/\/competo-cp.de\/wp-content\/uploads\/2024\/06\/Frontale.jpg 1800w, https:\/\/competo-cp.de\/wp-content\/uploads\/2024\/06\/Frontale-300x225.jpg 300w, https:\/\/competo-cp.de\/wp-content\/uploads\/2024\/06\/Frontale-1024x768.jpg 1024w, https:\/\/competo-cp.de\/wp-content\/uploads\/2024\/06\/Frontale-768x576.jpg 768w, https:\/\/competo-cp.de\/wp-content\/uploads\/2024\/06\/Frontale-1536x1152.jpg 1536w, https:\/\/competo-cp.de\/wp-content\/uploads\/2024\/06\/Frontale-560x420.jpg 560w, https:\/\/competo-cp.de\/wp-content\/uploads\/2024\/06\/Frontale-900x675.jpg 900w\" sizes=\"auto, (max-width: 1800px) 100vw, 1800px\" \/><\/div><\/div>\t<\/div>\r\n\t<\/div>\r\n<\/div>\r\n[vc_row_inner padding_top_multiplier=&#8221;1x&#8221;][vc_column_inner content_width=&#8221;40&#8243;]<div class=\"grve-element grve-divider\"><span class=\"grve-custom-divider grve-bg-primary-1 grve-align-inherit\" style=\"width: 100%;height: 1px;\"><\/span><\/div>[vc_column_text css=&#8221;&#8221; text_style=&#8221;small-text&#8221;]\u00a9 Matthas Mayr Architecture[\/vc_column_text]<div class=\"grve-element grve-divider\"><span class=\"grve-custom-divider grve-bg-primary-1 grve-align-inherit\" style=\"width: 100%;height: 1px;\"><\/span><\/div>[\/vc_column_inner][\/vc_row_inner][\/vc_column][vc_column width=&#8221;1\/3&#8243; rc_heading_color=&#8221;primary-1&#8243; column_sticky=&#8221;yes&#8221; column_sticky_offset=&#8221;120&#8243;]<div class=\"grve-element grve-divider\" style=\"padding-top: 6px;padding-bottom: 6px;\"><span class=\"grve-custom-divider grve-bg-primary-1 grve-align-inherit\" style=\"width: 100%;height: 1px;\"><\/span><\/div><h3 class=\"grve-element grve-title grve-align-inherit grve-subtitle-text\"><span>Presse Kontakt<\/span><\/h3>[vc_widget_sidebar sidebar_id=&#8221;grve-default-sidebar&#8221;]<div class=\"grve-element grve-divider\" style=\"padding-top: 6px;padding-bottom: 6px;\"><span class=\"grve-custom-divider grve-bg-primary-1 grve-align-inherit\" style=\"width: 100%;height: 1px;\"><\/span><\/div>[\/vc_column][\/vc_row]<\/p>\n<\/div>","protected":false},"excerpt":{"rendered":"<p>Das \u201eK35\u201c an der K\u00f6nigstra\u00dfe in Stuttgart hat seinen Hauptmieter gefunden. \u00dcber 100 flexible Arbeitspl\u00e4tze entstehen hier in bester Innenstadtlage.<\/p>\n","protected":false},"author":2,"featured_media":1281,"comment_status":"closed","ping_status":"closed","sticky":false,"template":"","format":"standard","meta":{"footnotes":""},"categories":[47],"tags":[50],"class_list":["post-1998","post","type-post","status-publish","format-standard","has-post-thumbnail","hentry","category-press-release","tag-2022-en","grve-entry-item","grve-blog-item"],"yoast_head":"<!-- This site is optimized with the Yoast SEO plugin v26.9 - https:\/\/yoast.com\/product\/yoast-seo-wordpress\/ -->\n<title>Competo und W2 vermieten 1.550 qm in Stuttgart an Satellite Office - Competo Capital Partners<\/title>\n<meta name=\"robots\" content=\"index, follow, max-snippet:-1, max-image-preview:large, max-video-preview:-1\" \/>\n<link rel=\"canonical\" href=\"https:\/\/competo-cp.de\/en\/competo-und-w2-vermieten-1-550-qm-in-stuttgart-an-satellite-office\/\" \/>\n<meta property=\"og:locale\" content=\"en_US\" \/>\n<meta property=\"og:type\" content=\"article\" \/>\n<meta property=\"og:title\" content=\"Competo und W2 vermieten 1.550 qm in Stuttgart an Satellite Office - Competo Capital Partners\" \/>\n<meta property=\"og:description\" content=\"Das \u201eK35\u201c an der K\u00f6nigstra\u00dfe in Stuttgart hat seinen Hauptmieter gefunden. \u00dcber 100 flexible Arbeitspl\u00e4tze entstehen hier in bester Innenstadtlage.\" \/>\n<meta property=\"og:url\" content=\"https:\/\/competo-cp.de\/en\/competo-und-w2-vermieten-1-550-qm-in-stuttgart-an-satellite-office\/\" \/>\n<meta property=\"og:site_name\" content=\"Competo Capital Partners\" \/>\n<meta property=\"article:published_time\" content=\"2022-07-13T10:02:44+00:00\" \/>\n<meta property=\"article:modified_time\" content=\"2025-02-24T13:59:07+00:00\" \/>\n<meta property=\"og:image\" content=\"https:\/\/competo-cp.de\/wp-content\/uploads\/2024\/06\/Frontale.jpg\" \/>\n\t<meta property=\"og:image:width\" content=\"1800\" \/>\n\t<meta property=\"og:image:height\" content=\"1350\" \/>\n\t<meta property=\"og:image:type\" content=\"image\/jpeg\" \/>\n<meta name=\"author\" content=\"Vassia\" \/>\n<meta name=\"twitter:card\" content=\"summary_large_image\" \/>\n<meta name=\"twitter:label1\" content=\"Written by\" \/>\n\t<meta name=\"twitter:data1\" content=\"Vassia\" \/>\n\t<meta name=\"twitter:label2\" content=\"Est. reading time\" \/>\n\t<meta name=\"twitter:data2\" content=\"4 minutes\" \/>\n<script type=\"application\/ld+json\" class=\"yoast-schema-graph\">{\"@context\":\"https:\/\/schema.org\",\"@graph\":[{\"@type\":\"Article\",\"@id\":\"https:\/\/competo-cp.de\/en\/competo-und-w2-vermieten-1-550-qm-in-stuttgart-an-satellite-office\/#article\",\"isPartOf\":{\"@id\":\"https:\/\/competo-cp.de\/en\/competo-und-w2-vermieten-1-550-qm-in-stuttgart-an-satellite-office\/\"},\"author\":{\"name\":\"Vassia\",\"@id\":\"https:\/\/competo-cp.de\/#\/schema\/person\/1935b9c8afda67088fa1de41890f318b\"},\"headline\":\"Competo und W2 vermieten 1.550 qm in Stuttgart an Satellite Office\",\"datePublished\":\"2022-07-13T10:02:44+00:00\",\"dateModified\":\"2025-02-24T13:59:07+00:00\",\"mainEntityOfPage\":{\"@id\":\"https:\/\/competo-cp.de\/en\/competo-und-w2-vermieten-1-550-qm-in-stuttgart-an-satellite-office\/\"},\"wordCount\":800,\"publisher\":{\"@id\":\"https:\/\/competo-cp.de\/#organization\"},\"image\":{\"@id\":\"https:\/\/competo-cp.de\/en\/competo-und-w2-vermieten-1-550-qm-in-stuttgart-an-satellite-office\/#primaryimage\"},\"thumbnailUrl\":\"https:\/\/competo-cp.de\/wp-content\/uploads\/2024\/06\/Frontale.jpg\",\"keywords\":[\"2022\"],\"articleSection\":[\"Press release\"],\"inLanguage\":\"en-US\"},{\"@type\":\"WebPage\",\"@id\":\"https:\/\/competo-cp.de\/en\/competo-und-w2-vermieten-1-550-qm-in-stuttgart-an-satellite-office\/\",\"url\":\"https:\/\/competo-cp.de\/en\/competo-und-w2-vermieten-1-550-qm-in-stuttgart-an-satellite-office\/\",\"name\":\"Competo und W2 vermieten 1.550 qm in Stuttgart an Satellite Office - Competo Capital Partners\",\"isPartOf\":{\"@id\":\"https:\/\/competo-cp.de\/#website\"},\"primaryImageOfPage\":{\"@id\":\"https:\/\/competo-cp.de\/en\/competo-und-w2-vermieten-1-550-qm-in-stuttgart-an-satellite-office\/#primaryimage\"},\"image\":{\"@id\":\"https:\/\/competo-cp.de\/en\/competo-und-w2-vermieten-1-550-qm-in-stuttgart-an-satellite-office\/#primaryimage\"},\"thumbnailUrl\":\"https:\/\/competo-cp.de\/wp-content\/uploads\/2024\/06\/Frontale.jpg\",\"datePublished\":\"2022-07-13T10:02:44+00:00\",\"dateModified\":\"2025-02-24T13:59:07+00:00\",\"breadcrumb\":{\"@id\":\"https:\/\/competo-cp.de\/en\/competo-und-w2-vermieten-1-550-qm-in-stuttgart-an-satellite-office\/#breadcrumb\"},\"inLanguage\":\"en-US\",\"potentialAction\":[{\"@type\":\"ReadAction\",\"target\":[\"https:\/\/competo-cp.de\/en\/competo-und-w2-vermieten-1-550-qm-in-stuttgart-an-satellite-office\/\"]}]},{\"@type\":\"ImageObject\",\"inLanguage\":\"en-US\",\"@id\":\"https:\/\/competo-cp.de\/en\/competo-und-w2-vermieten-1-550-qm-in-stuttgart-an-satellite-office\/#primaryimage\",\"url\":\"https:\/\/competo-cp.de\/wp-content\/uploads\/2024\/06\/Frontale.jpg\",\"contentUrl\":\"https:\/\/competo-cp.de\/wp-content\/uploads\/2024\/06\/Frontale.jpg\",\"width\":1800,\"height\":1350},{\"@type\":\"BreadcrumbList\",\"@id\":\"https:\/\/competo-cp.de\/en\/competo-und-w2-vermieten-1-550-qm-in-stuttgart-an-satellite-office\/#breadcrumb\",\"itemListElement\":[{\"@type\":\"ListItem\",\"position\":1,\"name\":\"Home\",\"item\":\"https:\/\/competo-cp.de\/en\/\"},{\"@type\":\"ListItem\",\"position\":2,\"name\":\"Competo und W2 vermieten 1.550 qm in Stuttgart an Satellite Office\"}]},{\"@type\":\"WebSite\",\"@id\":\"https:\/\/competo-cp.de\/#website\",\"url\":\"https:\/\/competo-cp.de\/\",\"name\":\"Competo Capital Partners\",\"description\":\"\",\"publisher\":{\"@id\":\"https:\/\/competo-cp.de\/#organization\"},\"potentialAction\":[{\"@type\":\"SearchAction\",\"target\":{\"@type\":\"EntryPoint\",\"urlTemplate\":\"https:\/\/competo-cp.de\/?s={search_term_string}\"},\"query-input\":{\"@type\":\"PropertyValueSpecification\",\"valueRequired\":true,\"valueName\":\"search_term_string\"}}],\"inLanguage\":\"en-US\"},{\"@type\":\"Organization\",\"@id\":\"https:\/\/competo-cp.de\/#organization\",\"name\":\"Competo Capital Partners\",\"url\":\"https:\/\/competo-cp.de\/\",\"logo\":{\"@type\":\"ImageObject\",\"inLanguage\":\"en-US\",\"@id\":\"https:\/\/competo-cp.de\/#\/schema\/logo\/image\/\",\"url\":\"https:\/\/competo-cp.de\/wp-content\/uploads\/2024\/04\/20240405_COM_001_LOGO_COMPETO-CP_BLACK_1.0.svg\",\"contentUrl\":\"https:\/\/competo-cp.de\/wp-content\/uploads\/2024\/04\/20240405_COM_001_LOGO_COMPETO-CP_BLACK_1.0.svg\",\"width\":978,\"height\":280,\"caption\":\"Competo Capital Partners\"},\"image\":{\"@id\":\"https:\/\/competo-cp.de\/#\/schema\/logo\/image\/\"},\"sameAs\":[\"https:\/\/de.linkedin.com\/company\/competo-capital-partners-gmbh\",\"https:\/\/www.instagram.com\/competo_capital_partners\/\"]},{\"@type\":\"Person\",\"@id\":\"https:\/\/competo-cp.de\/#\/schema\/person\/1935b9c8afda67088fa1de41890f318b\",\"name\":\"Vassia\",\"image\":{\"@type\":\"ImageObject\",\"inLanguage\":\"en-US\",\"@id\":\"https:\/\/competo-cp.de\/#\/schema\/person\/image\/\",\"url\":\"https:\/\/secure.gravatar.com\/avatar\/1ed667b70ce8136e6249e333c2144914eb1ed3445c6e6e8ea9bc60adf7f6eb52?s=96&d=mm&r=g\",\"contentUrl\":\"https:\/\/secure.gravatar.com\/avatar\/1ed667b70ce8136e6249e333c2144914eb1ed3445c6e6e8ea9bc60adf7f6eb52?s=96&d=mm&r=g\",\"caption\":\"Vassia\"},\"url\":\"https:\/\/competo-cp.de\/en\/author\/vassia\/\"}]}<\/script>\n<!-- \/ Yoast SEO plugin. -->","yoast_head_json":{"title":"Competo und W2 vermieten 1.550 qm in Stuttgart an Satellite Office - Competo Capital Partners","robots":{"index":"index","follow":"follow","max-snippet":"max-snippet:-1","max-image-preview":"max-image-preview:large","max-video-preview":"max-video-preview:-1"},"canonical":"https:\/\/competo-cp.de\/en\/competo-und-w2-vermieten-1-550-qm-in-stuttgart-an-satellite-office\/","og_locale":"en_US","og_type":"article","og_title":"Competo und W2 vermieten 1.550 qm in Stuttgart an Satellite Office - Competo Capital Partners","og_description":"Das \u201eK35\u201c an der K\u00f6nigstra\u00dfe in Stuttgart hat seinen Hauptmieter gefunden. \u00dcber 100 flexible Arbeitspl\u00e4tze entstehen hier in bester Innenstadtlage.","og_url":"https:\/\/competo-cp.de\/en\/competo-und-w2-vermieten-1-550-qm-in-stuttgart-an-satellite-office\/","og_site_name":"Competo Capital Partners","article_published_time":"2022-07-13T10:02:44+00:00","article_modified_time":"2025-02-24T13:59:07+00:00","og_image":[{"width":1800,"height":1350,"url":"https:\/\/competo-cp.de\/wp-content\/uploads\/2024\/06\/Frontale.jpg","type":"image\/jpeg"}],"author":"Vassia","twitter_card":"summary_large_image","twitter_misc":{"Written by":"Vassia","Est. reading time":"4 minutes"},"schema":{"@context":"https:\/\/schema.org","@graph":[{"@type":"Article","@id":"https:\/\/competo-cp.de\/en\/competo-und-w2-vermieten-1-550-qm-in-stuttgart-an-satellite-office\/#article","isPartOf":{"@id":"https:\/\/competo-cp.de\/en\/competo-und-w2-vermieten-1-550-qm-in-stuttgart-an-satellite-office\/"},"author":{"name":"Vassia","@id":"https:\/\/competo-cp.de\/#\/schema\/person\/1935b9c8afda67088fa1de41890f318b"},"headline":"Competo und W2 vermieten 1.550 qm in Stuttgart an Satellite Office","datePublished":"2022-07-13T10:02:44+00:00","dateModified":"2025-02-24T13:59:07+00:00","mainEntityOfPage":{"@id":"https:\/\/competo-cp.de\/en\/competo-und-w2-vermieten-1-550-qm-in-stuttgart-an-satellite-office\/"},"wordCount":800,"publisher":{"@id":"https:\/\/competo-cp.de\/#organization"},"image":{"@id":"https:\/\/competo-cp.de\/en\/competo-und-w2-vermieten-1-550-qm-in-stuttgart-an-satellite-office\/#primaryimage"},"thumbnailUrl":"https:\/\/competo-cp.de\/wp-content\/uploads\/2024\/06\/Frontale.jpg","keywords":["2022"],"articleSection":["Press release"],"inLanguage":"en-US"},{"@type":"WebPage","@id":"https:\/\/competo-cp.de\/en\/competo-und-w2-vermieten-1-550-qm-in-stuttgart-an-satellite-office\/","url":"https:\/\/competo-cp.de\/en\/competo-und-w2-vermieten-1-550-qm-in-stuttgart-an-satellite-office\/","name":"Competo und W2 vermieten 1.550 qm in Stuttgart an Satellite Office - Competo Capital Partners","isPartOf":{"@id":"https:\/\/competo-cp.de\/#website"},"primaryImageOfPage":{"@id":"https:\/\/competo-cp.de\/en\/competo-und-w2-vermieten-1-550-qm-in-stuttgart-an-satellite-office\/#primaryimage"},"image":{"@id":"https:\/\/competo-cp.de\/en\/competo-und-w2-vermieten-1-550-qm-in-stuttgart-an-satellite-office\/#primaryimage"},"thumbnailUrl":"https:\/\/competo-cp.de\/wp-content\/uploads\/2024\/06\/Frontale.jpg","datePublished":"2022-07-13T10:02:44+00:00","dateModified":"2025-02-24T13:59:07+00:00","breadcrumb":{"@id":"https:\/\/competo-cp.de\/en\/competo-und-w2-vermieten-1-550-qm-in-stuttgart-an-satellite-office\/#breadcrumb"},"inLanguage":"en-US","potentialAction":[{"@type":"ReadAction","target":["https:\/\/competo-cp.de\/en\/competo-und-w2-vermieten-1-550-qm-in-stuttgart-an-satellite-office\/"]}]},{"@type":"ImageObject","inLanguage":"en-US","@id":"https:\/\/competo-cp.de\/en\/competo-und-w2-vermieten-1-550-qm-in-stuttgart-an-satellite-office\/#primaryimage","url":"https:\/\/competo-cp.de\/wp-content\/uploads\/2024\/06\/Frontale.jpg","contentUrl":"https:\/\/competo-cp.de\/wp-content\/uploads\/2024\/06\/Frontale.jpg","width":1800,"height":1350},{"@type":"BreadcrumbList","@id":"https:\/\/competo-cp.de\/en\/competo-und-w2-vermieten-1-550-qm-in-stuttgart-an-satellite-office\/#breadcrumb","itemListElement":[{"@type":"ListItem","position":1,"name":"Home","item":"https:\/\/competo-cp.de\/en\/"},{"@type":"ListItem","position":2,"name":"Competo und W2 vermieten 1.550 qm in Stuttgart an Satellite Office"}]},{"@type":"WebSite","@id":"https:\/\/competo-cp.de\/#website","url":"https:\/\/competo-cp.de\/","name":"Competo Capital Partners","description":"","publisher":{"@id":"https:\/\/competo-cp.de\/#organization"},"potentialAction":[{"@type":"SearchAction","target":{"@type":"EntryPoint","urlTemplate":"https:\/\/competo-cp.de\/?s={search_term_string}"},"query-input":{"@type":"PropertyValueSpecification","valueRequired":true,"valueName":"search_term_string"}}],"inLanguage":"en-US"},{"@type":"Organization","@id":"https:\/\/competo-cp.de\/#organization","name":"Competo Capital Partners","url":"https:\/\/competo-cp.de\/","logo":{"@type":"ImageObject","inLanguage":"en-US","@id":"https:\/\/competo-cp.de\/#\/schema\/logo\/image\/","url":"https:\/\/competo-cp.de\/wp-content\/uploads\/2024\/04\/20240405_COM_001_LOGO_COMPETO-CP_BLACK_1.0.svg","contentUrl":"https:\/\/competo-cp.de\/wp-content\/uploads\/2024\/04\/20240405_COM_001_LOGO_COMPETO-CP_BLACK_1.0.svg","width":978,"height":280,"caption":"Competo Capital Partners"},"image":{"@id":"https:\/\/competo-cp.de\/#\/schema\/logo\/image\/"},"sameAs":["https:\/\/de.linkedin.com\/company\/competo-capital-partners-gmbh","https:\/\/www.instagram.com\/competo_capital_partners\/"]},{"@type":"Person","@id":"https:\/\/competo-cp.de\/#\/schema\/person\/1935b9c8afda67088fa1de41890f318b","name":"Vassia","image":{"@type":"ImageObject","inLanguage":"en-US","@id":"https:\/\/competo-cp.de\/#\/schema\/person\/image\/","url":"https:\/\/secure.gravatar.com\/avatar\/1ed667b70ce8136e6249e333c2144914eb1ed3445c6e6e8ea9bc60adf7f6eb52?s=96&d=mm&r=g","contentUrl":"https:\/\/secure.gravatar.com\/avatar\/1ed667b70ce8136e6249e333c2144914eb1ed3445c6e6e8ea9bc60adf7f6eb52?s=96&d=mm&r=g","caption":"Vassia"},"url":"https:\/\/competo-cp.de\/en\/author\/vassia\/"}]}},"_links":{"self":[{"href":"https:\/\/competo-cp.de\/en\/wp-json\/wp\/v2\/posts\/1998","targetHints":{"allow":["GET"]}}],"collection":[{"href":"https:\/\/competo-cp.de\/en\/wp-json\/wp\/v2\/posts"}],"about":[{"href":"https:\/\/competo-cp.de\/en\/wp-json\/wp\/v2\/types\/post"}],"author":[{"embeddable":true,"href":"https:\/\/competo-cp.de\/en\/wp-json\/wp\/v2\/users\/2"}],"replies":[{"embeddable":true,"href":"https:\/\/competo-cp.de\/en\/wp-json\/wp\/v2\/comments?post=1998"}],"version-history":[{"count":1,"href":"https:\/\/competo-cp.de\/en\/wp-json\/wp\/v2\/posts\/1998\/revisions"}],"predecessor-version":[{"id":2113,"href":"https:\/\/competo-cp.de\/en\/wp-json\/wp\/v2\/posts\/1998\/revisions\/2113"}],"wp:featuredmedia":[{"embeddable":true,"href":"https:\/\/competo-cp.de\/en\/wp-json\/wp\/v2\/media\/1281"}],"wp:attachment":[{"href":"https:\/\/competo-cp.de\/en\/wp-json\/wp\/v2\/media?parent=1998"}],"wp:term":[{"taxonomy":"category","embeddable":true,"href":"https:\/\/competo-cp.de\/en\/wp-json\/wp\/v2\/categories?post=1998"},{"taxonomy":"post_tag","embeddable":true,"href":"https:\/\/competo-cp.de\/en\/wp-json\/wp\/v2\/tags?post=1998"}],"curies":[{"name":"wp","href":"https:\/\/api.w.org\/{rel}","templated":true}]}}