{"id":2015,"date":"2018-12-06T15:12:01","date_gmt":"2018-12-06T14:12:01","guid":{"rendered":"https:\/\/competo-cp.de\/real-i-s-erwirbt-bueroprojekt-airfield-office-in-boeblingen-von-w2-und-competo\/"},"modified":"2018-12-06T15:12:01","modified_gmt":"2018-12-06T14:12:01","slug":"real-i-s-erwirbt-bueroprojekt-airfield-office-in-boeblingen-von-w2-und-competo","status":"publish","type":"post","link":"https:\/\/competo-cp.de\/en\/real-i-s-erwirbt-bueroprojekt-airfield-office-in-boeblingen-von-w2-und-competo\/","title":{"rendered":"Real I.S. erwirbt B\u00fcroprojekt Airfield Office in B\u00f6blingen von W2 und Competo"},"content":{"rendered":"<div class=\"wpb-content-wrapper\"><p>[vc_row section_type=&#8221;fullwidth&#8221; height_ratio=&#8221;40&#8243; padding_top_multiplier=&#8221;&#8221; rc_heading_color=&#8221;white&#8221; columns_gap=&#8221;30&#8243;][vc_column vertical_content_position=&#8221;bottom&#8221; full_height=&#8221;yes&#8221; rc_bg_type=&#8221;color&#8221; grve_css=&#8221;{&#8220;desktop&#8220;:{&#8220;padding-right&#8220;:&#8220;30px&#8220;,&#8220;padding-bottom&#8220;:&#8220;30px&#8220;,&#8220;padding-left&#8220;:&#8220;30px&#8220;,&#8220;class&#8220;:&#8220;grve-wpb-1713782247871&#8220;},&#8220;mobile_landscape&#8220;:{&#8220;padding-top&#8220;:&#8220;30px&#8220;,&#8220;padding-right&#8220;:&#8220;15px&#8220;,&#8220;padding-left&#8220;:&#8220;15px&#8220;}}&#8221; rc_bg_color=&#8221;#ed540c&#8221;]<h1 class=\"grve-element grve-title grve-align-inherit grve-h1 competo-headline\"><span><em>Real I.S. erwirbt B\u00fcroprojekt Airfield<\/em> Office in B\u00f6blingen von W2 und Competo<\/span><\/h1>[\/vc_column][\/vc_row][vc_row section_type=&#8221;fullwidth&#8221; columns_gap=&#8221;60&#8243;][vc_column width=&#8221;2\/3&#8243; content_width=&#8221;95&#8243; mobile_content_width=&#8221;100&#8243;][vc_column_text css=&#8221;&#8221;]<strong>M\u00fcnchen\/Stuttgart, 6. Dezember 2018.<\/strong>\u00a0Die Real I.S. AG hat das B\u00fcroprojekt Airfield Office in der Konrad-Zuse-Stra\u00dfe in B\u00f6blingen im Rahmen eines Forward Commitments f\u00fcr den Real I.S. Regionalfonds S\u00fcddeutschland erworben. Verk\u00e4ufer ist eine Joint-Venture-Gesellschaft des Projektentwicklers W2 Development GmbH aus Stuttgart und des M\u00fcnchner Investmentspezialisten Competo Capital Partners GmbH. \u00dcber den Kaufpreis wurde Stillschweigen vereinbart. Der neue, f\u00fcnfgeschossige Geb\u00e4udekomplex bietet auf \u00fcber 11.400 Quadratmetern attraktive B\u00fcro-, Gastronomie- und Gewerbefl\u00e4chen. Hinzu kommen 186 Pkw-Stellpl\u00e4tze in zwei Tiefgaragenebenen. Hauptmieter in der nahezu vollvermieteten Immobilie ist die Harman Becker Automotive Systems GmbH, eine Tochtergesellschaft von Samsung Electronics Co., Ltd. Die Fertigstellung des Geb\u00e4udes ist f\u00fcr das 1. Quartal 2019 geplant.<\/p>\n<p>Das klassisch-moderne B\u00fcro- und Gesch\u00e4ftshaus, bei dessen Planung besonderes Augenmerk auf Nachhaltigkeit, Energieeffizienz und optimierte Betriebskosten gelegt wurde, befindet sich auf dem Flugfeld B\u00f6blingen\/Sindelfingen, in unmittelbarer N\u00e4he des Bahnhofs B\u00f6blingen und der B\u00f6blinger Innenstadt. Das interkommunale neue Stadtquartier umfasst rund 80 Hektar und verbindet die St\u00e4dte B\u00f6blingen und Sindelfingen. Hierbei handelt es sich um eines der aktuell gr\u00f6\u00dften Stadtentwicklungsprojekte im s\u00fcddeutschen Raum.<\/p>\n<p>\u201eDas Flugfeld B\u00f6blingen\/Sindelfingen ist eines der spannendsten Stadtentwicklungsprojekte Deutschlands. Das Airfield Office befindet sich in der Bestlage des Teilmarkts. Die hervorragende Anbindung durch die N\u00e4he zum Bahnhof und die hohe Qualit\u00e4t der B\u00fcrofl\u00e4chen machen das Investitionsobjekt zu einer optimalen Erg\u00e4nzung unseres Portfolios\u201c, so Axel Schulz, Global Head of Investment Management der Real I.S. AG.<\/p>\n<p>\u201eWir freuen uns, mit der Real I.S. AG einen ebenso kompetenten wie erfahrenen Partner als K\u00e4ufer f\u00fcr unser neues B\u00fcro- und Gesch\u00e4ftshaus gefunden zu haben,\u201c erkl\u00e4rt Frank Widmann, Gesch\u00e4ftsf\u00fchrer von W2 Development.[\/vc_column_text][\/vc_column][vc_column width=&#8221;1\/3&#8243; rc_heading_color=&#8221;primary-1&#8243; column_sticky=&#8221;yes&#8221; column_sticky_offset=&#8221;120&#8243;]<div class=\"grve-element grve-divider\" style=\"padding-top: 6px;padding-bottom: 6px;\"><span class=\"grve-custom-divider grve-bg-primary-1 grve-align-inherit\" style=\"width: 100%;height: 1px;\"><\/span><\/div><h3 class=\"grve-element grve-title grve-align-inherit grve-subtitle-text\"><span>Presse Kontakt<\/span><\/h3>[vc_widget_sidebar sidebar_id=&#8221;grve-default-sidebar&#8221;]<div class=\"grve-element grve-divider\" style=\"padding-top: 6px;padding-bottom: 6px;\"><span class=\"grve-custom-divider grve-bg-primary-1 grve-align-inherit\" style=\"width: 100%;height: 1px;\"><\/span><\/div>[\/vc_column][\/vc_row]<\/p>\n<\/div>","protected":false},"excerpt":{"rendered":"<p>Die Real I.S. AG hat das B\u00fcroprojekt Airfield Office in der Konrad-Zuse-Stra\u00dfe in B\u00f6blingen im Rahmen eines Forward Commitments f\u00fcr den Real I.S. Regionalfonds S\u00fcddeutschland erworben.<\/p>\n","protected":false},"author":2,"featured_media":0,"comment_status":"closed","ping_status":"closed","sticky":false,"template":"","format":"standard","meta":{"footnotes":""},"categories":[47],"tags":[54],"class_list":["post-2015","post","type-post","status-publish","format-standard","hentry","category-press-release","tag-2018-en","grve-entry-item","grve-blog-item"],"yoast_head":"<!-- This site is optimized with the Yoast SEO plugin v26.9 - https:\/\/yoast.com\/product\/yoast-seo-wordpress\/ -->\n<title>Real I.S. erwirbt B\u00fcroprojekt Airfield Office in B\u00f6blingen von W2 und Competo - Competo Capital Partners<\/title>\n<meta name=\"robots\" content=\"index, follow, max-snippet:-1, max-image-preview:large, max-video-preview:-1\" \/>\n<link rel=\"canonical\" href=\"https:\/\/competo-cp.de\/en\/real-i-s-erwirbt-bueroprojekt-airfield-office-in-boeblingen-von-w2-und-competo\/\" \/>\n<meta property=\"og:locale\" content=\"en_US\" \/>\n<meta property=\"og:type\" content=\"article\" \/>\n<meta property=\"og:title\" content=\"Real I.S. erwirbt B\u00fcroprojekt Airfield Office in B\u00f6blingen von W2 und Competo - Competo Capital Partners\" \/>\n<meta property=\"og:description\" content=\"Die Real I.S. AG hat das B\u00fcroprojekt Airfield Office in der Konrad-Zuse-Stra\u00dfe in B\u00f6blingen im Rahmen eines Forward Commitments f\u00fcr den Real I.S. Regionalfonds S\u00fcddeutschland erworben.\" \/>\n<meta property=\"og:url\" content=\"https:\/\/competo-cp.de\/en\/real-i-s-erwirbt-bueroprojekt-airfield-office-in-boeblingen-von-w2-und-competo\/\" \/>\n<meta property=\"og:site_name\" content=\"Competo Capital Partners\" \/>\n<meta property=\"article:published_time\" content=\"2018-12-06T14:12:01+00:00\" \/>\n<meta name=\"author\" content=\"Vassia\" \/>\n<meta name=\"twitter:card\" content=\"summary_large_image\" \/>\n<meta name=\"twitter:label1\" content=\"Written by\" \/>\n\t<meta name=\"twitter:data1\" content=\"Vassia\" \/>\n\t<meta name=\"twitter:label2\" content=\"Est. reading time\" \/>\n\t<meta name=\"twitter:data2\" content=\"2 minutes\" \/>\n<script type=\"application\/ld+json\" class=\"yoast-schema-graph\">{\"@context\":\"https:\/\/schema.org\",\"@graph\":[{\"@type\":\"Article\",\"@id\":\"https:\/\/competo-cp.de\/en\/real-i-s-erwirbt-bueroprojekt-airfield-office-in-boeblingen-von-w2-und-competo\/#article\",\"isPartOf\":{\"@id\":\"https:\/\/competo-cp.de\/en\/real-i-s-erwirbt-bueroprojekt-airfield-office-in-boeblingen-von-w2-und-competo\/\"},\"author\":{\"name\":\"Vassia\",\"@id\":\"https:\/\/competo-cp.de\/#\/schema\/person\/1935b9c8afda67088fa1de41890f318b\"},\"headline\":\"Real I.S. erwirbt B\u00fcroprojekt Airfield Office in B\u00f6blingen von W2 und Competo\",\"datePublished\":\"2018-12-06T14:12:01+00:00\",\"mainEntityOfPage\":{\"@id\":\"https:\/\/competo-cp.de\/en\/real-i-s-erwirbt-bueroprojekt-airfield-office-in-boeblingen-von-w2-und-competo\/\"},\"wordCount\":477,\"publisher\":{\"@id\":\"https:\/\/competo-cp.de\/#organization\"},\"keywords\":[\"2018\"],\"articleSection\":[\"Press release\"],\"inLanguage\":\"en-US\"},{\"@type\":\"WebPage\",\"@id\":\"https:\/\/competo-cp.de\/en\/real-i-s-erwirbt-bueroprojekt-airfield-office-in-boeblingen-von-w2-und-competo\/\",\"url\":\"https:\/\/competo-cp.de\/en\/real-i-s-erwirbt-bueroprojekt-airfield-office-in-boeblingen-von-w2-und-competo\/\",\"name\":\"Real I.S. erwirbt B\u00fcroprojekt Airfield Office in B\u00f6blingen von W2 und Competo - Competo Capital Partners\",\"isPartOf\":{\"@id\":\"https:\/\/competo-cp.de\/#website\"},\"datePublished\":\"2018-12-06T14:12:01+00:00\",\"breadcrumb\":{\"@id\":\"https:\/\/competo-cp.de\/en\/real-i-s-erwirbt-bueroprojekt-airfield-office-in-boeblingen-von-w2-und-competo\/#breadcrumb\"},\"inLanguage\":\"en-US\",\"potentialAction\":[{\"@type\":\"ReadAction\",\"target\":[\"https:\/\/competo-cp.de\/en\/real-i-s-erwirbt-bueroprojekt-airfield-office-in-boeblingen-von-w2-und-competo\/\"]}]},{\"@type\":\"BreadcrumbList\",\"@id\":\"https:\/\/competo-cp.de\/en\/real-i-s-erwirbt-bueroprojekt-airfield-office-in-boeblingen-von-w2-und-competo\/#breadcrumb\",\"itemListElement\":[{\"@type\":\"ListItem\",\"position\":1,\"name\":\"Home\",\"item\":\"https:\/\/competo-cp.de\/en\/\"},{\"@type\":\"ListItem\",\"position\":2,\"name\":\"Real I.S. erwirbt B\u00fcroprojekt Airfield Office in B\u00f6blingen von W2 und Competo\"}]},{\"@type\":\"WebSite\",\"@id\":\"https:\/\/competo-cp.de\/#website\",\"url\":\"https:\/\/competo-cp.de\/\",\"name\":\"Competo Capital Partners\",\"description\":\"\",\"publisher\":{\"@id\":\"https:\/\/competo-cp.de\/#organization\"},\"potentialAction\":[{\"@type\":\"SearchAction\",\"target\":{\"@type\":\"EntryPoint\",\"urlTemplate\":\"https:\/\/competo-cp.de\/?s={search_term_string}\"},\"query-input\":{\"@type\":\"PropertyValueSpecification\",\"valueRequired\":true,\"valueName\":\"search_term_string\"}}],\"inLanguage\":\"en-US\"},{\"@type\":\"Organization\",\"@id\":\"https:\/\/competo-cp.de\/#organization\",\"name\":\"Competo Capital Partners\",\"url\":\"https:\/\/competo-cp.de\/\",\"logo\":{\"@type\":\"ImageObject\",\"inLanguage\":\"en-US\",\"@id\":\"https:\/\/competo-cp.de\/#\/schema\/logo\/image\/\",\"url\":\"https:\/\/competo-cp.de\/wp-content\/uploads\/2024\/04\/20240405_COM_001_LOGO_COMPETO-CP_BLACK_1.0.svg\",\"contentUrl\":\"https:\/\/competo-cp.de\/wp-content\/uploads\/2024\/04\/20240405_COM_001_LOGO_COMPETO-CP_BLACK_1.0.svg\",\"width\":978,\"height\":280,\"caption\":\"Competo Capital Partners\"},\"image\":{\"@id\":\"https:\/\/competo-cp.de\/#\/schema\/logo\/image\/\"},\"sameAs\":[\"https:\/\/de.linkedin.com\/company\/competo-capital-partners-gmbh\",\"https:\/\/www.instagram.com\/competo_capital_partners\/\"]},{\"@type\":\"Person\",\"@id\":\"https:\/\/competo-cp.de\/#\/schema\/person\/1935b9c8afda67088fa1de41890f318b\",\"name\":\"Vassia\",\"image\":{\"@type\":\"ImageObject\",\"inLanguage\":\"en-US\",\"@id\":\"https:\/\/competo-cp.de\/#\/schema\/person\/image\/\",\"url\":\"https:\/\/secure.gravatar.com\/avatar\/1ed667b70ce8136e6249e333c2144914eb1ed3445c6e6e8ea9bc60adf7f6eb52?s=96&d=mm&r=g\",\"contentUrl\":\"https:\/\/secure.gravatar.com\/avatar\/1ed667b70ce8136e6249e333c2144914eb1ed3445c6e6e8ea9bc60adf7f6eb52?s=96&d=mm&r=g\",\"caption\":\"Vassia\"},\"url\":\"https:\/\/competo-cp.de\/en\/author\/vassia\/\"}]}<\/script>\n<!-- \/ Yoast SEO plugin. -->","yoast_head_json":{"title":"Real I.S. erwirbt B\u00fcroprojekt Airfield Office in B\u00f6blingen von W2 und Competo - Competo Capital Partners","robots":{"index":"index","follow":"follow","max-snippet":"max-snippet:-1","max-image-preview":"max-image-preview:large","max-video-preview":"max-video-preview:-1"},"canonical":"https:\/\/competo-cp.de\/en\/real-i-s-erwirbt-bueroprojekt-airfield-office-in-boeblingen-von-w2-und-competo\/","og_locale":"en_US","og_type":"article","og_title":"Real I.S. erwirbt B\u00fcroprojekt Airfield Office in B\u00f6blingen von W2 und Competo - Competo Capital Partners","og_description":"Die Real I.S. AG hat das B\u00fcroprojekt Airfield Office in der Konrad-Zuse-Stra\u00dfe in B\u00f6blingen im Rahmen eines Forward Commitments f\u00fcr den Real I.S. Regionalfonds S\u00fcddeutschland erworben.","og_url":"https:\/\/competo-cp.de\/en\/real-i-s-erwirbt-bueroprojekt-airfield-office-in-boeblingen-von-w2-und-competo\/","og_site_name":"Competo Capital Partners","article_published_time":"2018-12-06T14:12:01+00:00","author":"Vassia","twitter_card":"summary_large_image","twitter_misc":{"Written by":"Vassia","Est. reading time":"2 minutes"},"schema":{"@context":"https:\/\/schema.org","@graph":[{"@type":"Article","@id":"https:\/\/competo-cp.de\/en\/real-i-s-erwirbt-bueroprojekt-airfield-office-in-boeblingen-von-w2-und-competo\/#article","isPartOf":{"@id":"https:\/\/competo-cp.de\/en\/real-i-s-erwirbt-bueroprojekt-airfield-office-in-boeblingen-von-w2-und-competo\/"},"author":{"name":"Vassia","@id":"https:\/\/competo-cp.de\/#\/schema\/person\/1935b9c8afda67088fa1de41890f318b"},"headline":"Real I.S. erwirbt B\u00fcroprojekt Airfield Office in B\u00f6blingen von W2 und Competo","datePublished":"2018-12-06T14:12:01+00:00","mainEntityOfPage":{"@id":"https:\/\/competo-cp.de\/en\/real-i-s-erwirbt-bueroprojekt-airfield-office-in-boeblingen-von-w2-und-competo\/"},"wordCount":477,"publisher":{"@id":"https:\/\/competo-cp.de\/#organization"},"keywords":["2018"],"articleSection":["Press release"],"inLanguage":"en-US"},{"@type":"WebPage","@id":"https:\/\/competo-cp.de\/en\/real-i-s-erwirbt-bueroprojekt-airfield-office-in-boeblingen-von-w2-und-competo\/","url":"https:\/\/competo-cp.de\/en\/real-i-s-erwirbt-bueroprojekt-airfield-office-in-boeblingen-von-w2-und-competo\/","name":"Real I.S. erwirbt B\u00fcroprojekt Airfield Office in B\u00f6blingen von W2 und Competo - Competo Capital Partners","isPartOf":{"@id":"https:\/\/competo-cp.de\/#website"},"datePublished":"2018-12-06T14:12:01+00:00","breadcrumb":{"@id":"https:\/\/competo-cp.de\/en\/real-i-s-erwirbt-bueroprojekt-airfield-office-in-boeblingen-von-w2-und-competo\/#breadcrumb"},"inLanguage":"en-US","potentialAction":[{"@type":"ReadAction","target":["https:\/\/competo-cp.de\/en\/real-i-s-erwirbt-bueroprojekt-airfield-office-in-boeblingen-von-w2-und-competo\/"]}]},{"@type":"BreadcrumbList","@id":"https:\/\/competo-cp.de\/en\/real-i-s-erwirbt-bueroprojekt-airfield-office-in-boeblingen-von-w2-und-competo\/#breadcrumb","itemListElement":[{"@type":"ListItem","position":1,"name":"Home","item":"https:\/\/competo-cp.de\/en\/"},{"@type":"ListItem","position":2,"name":"Real I.S. erwirbt B\u00fcroprojekt Airfield Office in B\u00f6blingen von W2 und Competo"}]},{"@type":"WebSite","@id":"https:\/\/competo-cp.de\/#website","url":"https:\/\/competo-cp.de\/","name":"Competo Capital Partners","description":"","publisher":{"@id":"https:\/\/competo-cp.de\/#organization"},"potentialAction":[{"@type":"SearchAction","target":{"@type":"EntryPoint","urlTemplate":"https:\/\/competo-cp.de\/?s={search_term_string}"},"query-input":{"@type":"PropertyValueSpecification","valueRequired":true,"valueName":"search_term_string"}}],"inLanguage":"en-US"},{"@type":"Organization","@id":"https:\/\/competo-cp.de\/#organization","name":"Competo Capital Partners","url":"https:\/\/competo-cp.de\/","logo":{"@type":"ImageObject","inLanguage":"en-US","@id":"https:\/\/competo-cp.de\/#\/schema\/logo\/image\/","url":"https:\/\/competo-cp.de\/wp-content\/uploads\/2024\/04\/20240405_COM_001_LOGO_COMPETO-CP_BLACK_1.0.svg","contentUrl":"https:\/\/competo-cp.de\/wp-content\/uploads\/2024\/04\/20240405_COM_001_LOGO_COMPETO-CP_BLACK_1.0.svg","width":978,"height":280,"caption":"Competo Capital Partners"},"image":{"@id":"https:\/\/competo-cp.de\/#\/schema\/logo\/image\/"},"sameAs":["https:\/\/de.linkedin.com\/company\/competo-capital-partners-gmbh","https:\/\/www.instagram.com\/competo_capital_partners\/"]},{"@type":"Person","@id":"https:\/\/competo-cp.de\/#\/schema\/person\/1935b9c8afda67088fa1de41890f318b","name":"Vassia","image":{"@type":"ImageObject","inLanguage":"en-US","@id":"https:\/\/competo-cp.de\/#\/schema\/person\/image\/","url":"https:\/\/secure.gravatar.com\/avatar\/1ed667b70ce8136e6249e333c2144914eb1ed3445c6e6e8ea9bc60adf7f6eb52?s=96&d=mm&r=g","contentUrl":"https:\/\/secure.gravatar.com\/avatar\/1ed667b70ce8136e6249e333c2144914eb1ed3445c6e6e8ea9bc60adf7f6eb52?s=96&d=mm&r=g","caption":"Vassia"},"url":"https:\/\/competo-cp.de\/en\/author\/vassia\/"}]}},"_links":{"self":[{"href":"https:\/\/competo-cp.de\/en\/wp-json\/wp\/v2\/posts\/2015","targetHints":{"allow":["GET"]}}],"collection":[{"href":"https:\/\/competo-cp.de\/en\/wp-json\/wp\/v2\/posts"}],"about":[{"href":"https:\/\/competo-cp.de\/en\/wp-json\/wp\/v2\/types\/post"}],"author":[{"embeddable":true,"href":"https:\/\/competo-cp.de\/en\/wp-json\/wp\/v2\/users\/2"}],"replies":[{"embeddable":true,"href":"https:\/\/competo-cp.de\/en\/wp-json\/wp\/v2\/comments?post=2015"}],"version-history":[{"count":0,"href":"https:\/\/competo-cp.de\/en\/wp-json\/wp\/v2\/posts\/2015\/revisions"}],"wp:attachment":[{"href":"https:\/\/competo-cp.de\/en\/wp-json\/wp\/v2\/media?parent=2015"}],"wp:term":[{"taxonomy":"category","embeddable":true,"href":"https:\/\/competo-cp.de\/en\/wp-json\/wp\/v2\/categories?post=2015"},{"taxonomy":"post_tag","embeddable":true,"href":"https:\/\/competo-cp.de\/en\/wp-json\/wp\/v2\/tags?post=2015"}],"curies":[{"name":"wp","href":"https:\/\/api.w.org\/{rel}","templated":true}]}}