{"id":2023,"date":"2018-03-01T15:40:03","date_gmt":"2018-03-01T14:40:03","guid":{"rendered":"https:\/\/competo-cp.de\/richtfest-fuer-die-eberhardhoefe-gefeiert\/"},"modified":"2018-03-01T15:40:03","modified_gmt":"2018-03-01T14:40:03","slug":"richtfest-fuer-die-eberhardhoefe-gefeiert","status":"publish","type":"post","link":"https:\/\/competo-cp.de\/en\/richtfest-fuer-die-eberhardhoefe-gefeiert\/","title":{"rendered":"Richtfest f\u00fcr die &#8220;Eberhardh\u00f6fe&#8221; gefeiert"},"content":{"rendered":"<div class=\"wpb-content-wrapper\"><p>[vc_row section_type=&#8221;fullwidth&#8221; height_ratio=&#8221;40&#8243; padding_top_multiplier=&#8221;&#8221; rc_heading_color=&#8221;white&#8221; columns_gap=&#8221;30&#8243;][vc_column vertical_content_position=&#8221;bottom&#8221; full_height=&#8221;yes&#8221; rc_bg_type=&#8221;color&#8221; grve_css=&#8221;{&#8220;desktop&#8220;:{&#8220;padding-right&#8220;:&#8220;30px&#8220;,&#8220;padding-bottom&#8220;:&#8220;30px&#8220;,&#8220;padding-left&#8220;:&#8220;30px&#8220;,&#8220;class&#8220;:&#8220;grve-wpb-1713782247871&#8220;},&#8220;mobile_landscape&#8220;:{&#8220;padding-top&#8220;:&#8220;30px&#8220;,&#8220;padding-right&#8220;:&#8220;15px&#8220;,&#8220;padding-left&#8220;:&#8220;15px&#8220;}}&#8221; rc_bg_color=&#8221;#ed540c&#8221;]<h1 class=\"grve-element grve-title grve-align-inherit grve-h1 competo-headline\"><span>Richtfest f\u00fcr die &#8220;Eberhardh\u00f6fe&#8221; gefeiert<\/span><\/h1>[\/vc_column][\/vc_row][vc_row section_type=&#8221;fullwidth&#8221; columns_gap=&#8221;60&#8243;][vc_column width=&#8221;2\/3&#8243; content_width=&#8221;95&#8243; mobile_content_width=&#8221;100&#8243;][vc_column_text css=&#8221;&#8221;]<strong>Stuttgart, 1. M\u00e4rz 2018.<\/strong>\u00a0P\u00fcnktlich zur Fertigstellung des Rohbaus wurde am 1. M\u00e4rz in zentraler Stuttgarter Innenstadtlage das Richtfest f\u00fcr die \u201eEberhardH\u00f6fe\u201c gefeiert. Im Mittelpunkt der Feier f\u00fcr das neue Stadtquartier an der Eberhardstra\u00dfe, ein Joint-Venture-Projekt der W2 Development GmbH aus Stuttgart und der M\u00fcnchner Investmentgesellschaft Competo Capital Partners GmbH, standen die Mitarbeiter der beteiligten Firmen, Planer und Handwerker. Ihnen dankten der Architekt und W2-Gesellschafter Stefan Willwersch sowie Oke Petersen von der K\u00f6rber-Stiftung als neue Eigent\u00fcmerin f\u00fcr den bislang reibungslosen Bauablauf.<\/p>\n<p>W\u00e4hrend Stefan Willwersch in seiner Ansprache auf den unmittelbar bevorstehenden originalgetreuen Wiederaufbau der historischen Fassade an der Eberhardstra\u00dfe hinwies, mit dem die Projektpartner ihrer besonderen stadtbildpr\u00e4genden Verantwortung an diesem Ort gerecht w\u00fcrden, betonte Oke Petersen von der K\u00f6rber-Stiftung, wie stolz er darauf sei, als neuer Eigent\u00fcmer Verantwortung f\u00fcr dieses interessante Projekt \u00fcbernehmen zu k\u00f6nnen, mit dem er bereits im Jahr 2011 zum ersten Mal in Kontakt gekommen sei. In diesem Zusammenhang teilte er mit, dass bereits s\u00e4mtliche B\u00fcro- und Gesch\u00e4ftsfl\u00e4chen entlang der Eberhardstra\u00dfe langfristig vermietet seien. Konkret werde das oberste 5. Obergeschoss komplett von einem Stuttgarter Family Office genutzt und f\u00fcr die B\u00fcro- und Gesch\u00e4ftsfl\u00e4chen in den darunterliegenden Stockwerken habe die Firma Design Offices aus N\u00fcrnberg den Vertrag unterschrieben.<\/p>\n<p>Im Februar 2017 war gemeinsam mit dem Stuttgarter Oberb\u00fcrgermeister Fritz Kuhn die Grundsteinlegung erfolgt. In unmittelbarer Nachbarschaft zum Tagblattturm als einem der bedeutendsten Kulturdenkmale der Landeshauptstadt bietet der Neubau knapp 4.100 Quadratmeter B\u00fcro- sowie rund 1.400 Quadratmeter Handelsfl\u00e4chen. Dar\u00fcber hinaus entstehen in den f\u00fcnf Obergeschossen der beiden r\u00fcckw\u00e4rtigen Geb\u00e4udefl\u00fcgel in Richtung Gerberviertel insgesamt 46 Wohnungen, die als Ein- bis Drei-Zimmer-Appartements zwischen 31 bis 83 Quadratmeter Wohnfl\u00e4che vermietet werden.<\/p>\n<p>Das neue Quartier der EberhardH\u00f6fe erstreckt sich \u00fcber sechs oberirdische Stockwerke und zwei Tiefgaragenebenen. Dort gibt es neben 59 Kfz-Stellpl\u00e4tzen, die teils mit Ladestationen f\u00fcr Elektrofahrzeuge ausgestattet werden, auch 158 Abstellpl\u00e4tze f\u00fcr Fahrr\u00e4der.<\/p>\n<p>Verantwortlich f\u00fcr die Errichtung des Geb\u00e4udes ist die Stuttgarter Niederlassung der Ed. Z\u00fcblin AG. In den kommenden Monaten stellt der Generalunternehmer die Fassade fertig, installiert die Haustechnik und \u00fcbernimmt den Innenausbau, bevor im vierten Quartal dieses Jahres das Geb\u00e4ude schl\u00fcsselfertig \u00fcbergeben werden soll.[\/vc_column_text][\/vc_column][vc_column width=&#8221;1\/3&#8243; rc_heading_color=&#8221;primary-1&#8243; column_sticky=&#8221;yes&#8221; column_sticky_offset=&#8221;120&#8243;]<div class=\"grve-element grve-divider\" style=\"padding-top: 6px;padding-bottom: 6px;\"><span class=\"grve-custom-divider grve-bg-primary-1 grve-align-inherit\" style=\"width: 100%;height: 1px;\"><\/span><\/div><h3 class=\"grve-element grve-title grve-align-inherit grve-subtitle-text\"><span>Presse Kontakt<\/span><\/h3>[vc_widget_sidebar sidebar_id=&#8221;grve-default-sidebar&#8221;]<div class=\"grve-element grve-divider\" style=\"padding-top: 6px;padding-bottom: 6px;\"><span class=\"grve-custom-divider grve-bg-primary-1 grve-align-inherit\" style=\"width: 100%;height: 1px;\"><\/span><\/div>[\/vc_column][\/vc_row]<\/p>\n<\/div>","protected":false},"excerpt":{"rendered":"<p>P\u00fcnktlich zur Fertigstellung des Rohbaus wurde am 1. M\u00e4rz in zentraler Stuttgarter Innenstadtlage das Richtfest f\u00fcr die \u201eEberhardH\u00f6fe\u201c gefeiert.<\/p>\n","protected":false},"author":2,"featured_media":0,"comment_status":"closed","ping_status":"closed","sticky":false,"template":"","format":"standard","meta":{"footnotes":""},"categories":[47],"tags":[54],"class_list":["post-2023","post","type-post","status-publish","format-standard","hentry","category-press-release","tag-2018-en","grve-entry-item","grve-blog-item"],"yoast_head":"<!-- This site is optimized with the Yoast SEO plugin v26.9 - https:\/\/yoast.com\/product\/yoast-seo-wordpress\/ -->\n<title>Richtfest f\u00fcr die &quot;Eberhardh\u00f6fe&quot; gefeiert - Competo Capital Partners<\/title>\n<meta name=\"robots\" content=\"index, follow, max-snippet:-1, max-image-preview:large, max-video-preview:-1\" \/>\n<link rel=\"canonical\" href=\"https:\/\/competo-cp.de\/en\/richtfest-fuer-die-eberhardhoefe-gefeiert\/\" \/>\n<meta property=\"og:locale\" content=\"en_US\" \/>\n<meta property=\"og:type\" content=\"article\" \/>\n<meta property=\"og:title\" content=\"Richtfest f\u00fcr die &quot;Eberhardh\u00f6fe&quot; gefeiert - Competo Capital Partners\" \/>\n<meta property=\"og:description\" content=\"P\u00fcnktlich zur Fertigstellung des Rohbaus wurde am 1. M\u00e4rz in zentraler Stuttgarter Innenstadtlage das Richtfest f\u00fcr die \u201eEberhardH\u00f6fe\u201c gefeiert.\" \/>\n<meta property=\"og:url\" content=\"https:\/\/competo-cp.de\/en\/richtfest-fuer-die-eberhardhoefe-gefeiert\/\" \/>\n<meta property=\"og:site_name\" content=\"Competo Capital Partners\" \/>\n<meta property=\"article:published_time\" content=\"2018-03-01T14:40:03+00:00\" \/>\n<meta name=\"author\" content=\"Vassia\" \/>\n<meta name=\"twitter:card\" content=\"summary_large_image\" \/>\n<meta name=\"twitter:label1\" content=\"Written by\" \/>\n\t<meta name=\"twitter:data1\" content=\"Vassia\" \/>\n\t<meta name=\"twitter:label2\" content=\"Est. reading time\" \/>\n\t<meta name=\"twitter:data2\" content=\"3 minutes\" \/>\n<script type=\"application\/ld+json\" class=\"yoast-schema-graph\">{\"@context\":\"https:\/\/schema.org\",\"@graph\":[{\"@type\":\"Article\",\"@id\":\"https:\/\/competo-cp.de\/en\/richtfest-fuer-die-eberhardhoefe-gefeiert\/#article\",\"isPartOf\":{\"@id\":\"https:\/\/competo-cp.de\/en\/richtfest-fuer-die-eberhardhoefe-gefeiert\/\"},\"author\":{\"name\":\"Vassia\",\"@id\":\"https:\/\/competo-cp.de\/#\/schema\/person\/1935b9c8afda67088fa1de41890f318b\"},\"headline\":\"Richtfest f\u00fcr die &#8220;Eberhardh\u00f6fe&#8221; gefeiert\",\"datePublished\":\"2018-03-01T14:40:03+00:00\",\"mainEntityOfPage\":{\"@id\":\"https:\/\/competo-cp.de\/en\/richtfest-fuer-die-eberhardhoefe-gefeiert\/\"},\"wordCount\":550,\"publisher\":{\"@id\":\"https:\/\/competo-cp.de\/#organization\"},\"keywords\":[\"2018\"],\"articleSection\":[\"Press release\"],\"inLanguage\":\"en-US\"},{\"@type\":\"WebPage\",\"@id\":\"https:\/\/competo-cp.de\/en\/richtfest-fuer-die-eberhardhoefe-gefeiert\/\",\"url\":\"https:\/\/competo-cp.de\/en\/richtfest-fuer-die-eberhardhoefe-gefeiert\/\",\"name\":\"Richtfest f\u00fcr die \\\"Eberhardh\u00f6fe\\\" gefeiert - Competo Capital Partners\",\"isPartOf\":{\"@id\":\"https:\/\/competo-cp.de\/#website\"},\"datePublished\":\"2018-03-01T14:40:03+00:00\",\"breadcrumb\":{\"@id\":\"https:\/\/competo-cp.de\/en\/richtfest-fuer-die-eberhardhoefe-gefeiert\/#breadcrumb\"},\"inLanguage\":\"en-US\",\"potentialAction\":[{\"@type\":\"ReadAction\",\"target\":[\"https:\/\/competo-cp.de\/en\/richtfest-fuer-die-eberhardhoefe-gefeiert\/\"]}]},{\"@type\":\"BreadcrumbList\",\"@id\":\"https:\/\/competo-cp.de\/en\/richtfest-fuer-die-eberhardhoefe-gefeiert\/#breadcrumb\",\"itemListElement\":[{\"@type\":\"ListItem\",\"position\":1,\"name\":\"Home\",\"item\":\"https:\/\/competo-cp.de\/en\/\"},{\"@type\":\"ListItem\",\"position\":2,\"name\":\"Richtfest f\u00fcr die &#8220;Eberhardh\u00f6fe&#8221; gefeiert\"}]},{\"@type\":\"WebSite\",\"@id\":\"https:\/\/competo-cp.de\/#website\",\"url\":\"https:\/\/competo-cp.de\/\",\"name\":\"Competo Capital Partners\",\"description\":\"\",\"publisher\":{\"@id\":\"https:\/\/competo-cp.de\/#organization\"},\"potentialAction\":[{\"@type\":\"SearchAction\",\"target\":{\"@type\":\"EntryPoint\",\"urlTemplate\":\"https:\/\/competo-cp.de\/?s={search_term_string}\"},\"query-input\":{\"@type\":\"PropertyValueSpecification\",\"valueRequired\":true,\"valueName\":\"search_term_string\"}}],\"inLanguage\":\"en-US\"},{\"@type\":\"Organization\",\"@id\":\"https:\/\/competo-cp.de\/#organization\",\"name\":\"Competo Capital Partners\",\"url\":\"https:\/\/competo-cp.de\/\",\"logo\":{\"@type\":\"ImageObject\",\"inLanguage\":\"en-US\",\"@id\":\"https:\/\/competo-cp.de\/#\/schema\/logo\/image\/\",\"url\":\"https:\/\/competo-cp.de\/wp-content\/uploads\/2024\/04\/20240405_COM_001_LOGO_COMPETO-CP_BLACK_1.0.svg\",\"contentUrl\":\"https:\/\/competo-cp.de\/wp-content\/uploads\/2024\/04\/20240405_COM_001_LOGO_COMPETO-CP_BLACK_1.0.svg\",\"width\":978,\"height\":280,\"caption\":\"Competo Capital Partners\"},\"image\":{\"@id\":\"https:\/\/competo-cp.de\/#\/schema\/logo\/image\/\"},\"sameAs\":[\"https:\/\/de.linkedin.com\/company\/competo-capital-partners-gmbh\",\"https:\/\/www.instagram.com\/competo_capital_partners\/\"]},{\"@type\":\"Person\",\"@id\":\"https:\/\/competo-cp.de\/#\/schema\/person\/1935b9c8afda67088fa1de41890f318b\",\"name\":\"Vassia\",\"image\":{\"@type\":\"ImageObject\",\"inLanguage\":\"en-US\",\"@id\":\"https:\/\/competo-cp.de\/#\/schema\/person\/image\/\",\"url\":\"https:\/\/secure.gravatar.com\/avatar\/1ed667b70ce8136e6249e333c2144914eb1ed3445c6e6e8ea9bc60adf7f6eb52?s=96&d=mm&r=g\",\"contentUrl\":\"https:\/\/secure.gravatar.com\/avatar\/1ed667b70ce8136e6249e333c2144914eb1ed3445c6e6e8ea9bc60adf7f6eb52?s=96&d=mm&r=g\",\"caption\":\"Vassia\"},\"url\":\"https:\/\/competo-cp.de\/en\/author\/vassia\/\"}]}<\/script>\n<!-- \/ Yoast SEO plugin. -->","yoast_head_json":{"title":"Richtfest f\u00fcr die \"Eberhardh\u00f6fe\" gefeiert - Competo Capital Partners","robots":{"index":"index","follow":"follow","max-snippet":"max-snippet:-1","max-image-preview":"max-image-preview:large","max-video-preview":"max-video-preview:-1"},"canonical":"https:\/\/competo-cp.de\/en\/richtfest-fuer-die-eberhardhoefe-gefeiert\/","og_locale":"en_US","og_type":"article","og_title":"Richtfest f\u00fcr die \"Eberhardh\u00f6fe\" gefeiert - Competo Capital Partners","og_description":"P\u00fcnktlich zur Fertigstellung des Rohbaus wurde am 1. M\u00e4rz in zentraler Stuttgarter Innenstadtlage das Richtfest f\u00fcr die \u201eEberhardH\u00f6fe\u201c gefeiert.","og_url":"https:\/\/competo-cp.de\/en\/richtfest-fuer-die-eberhardhoefe-gefeiert\/","og_site_name":"Competo Capital Partners","article_published_time":"2018-03-01T14:40:03+00:00","author":"Vassia","twitter_card":"summary_large_image","twitter_misc":{"Written by":"Vassia","Est. reading time":"3 minutes"},"schema":{"@context":"https:\/\/schema.org","@graph":[{"@type":"Article","@id":"https:\/\/competo-cp.de\/en\/richtfest-fuer-die-eberhardhoefe-gefeiert\/#article","isPartOf":{"@id":"https:\/\/competo-cp.de\/en\/richtfest-fuer-die-eberhardhoefe-gefeiert\/"},"author":{"name":"Vassia","@id":"https:\/\/competo-cp.de\/#\/schema\/person\/1935b9c8afda67088fa1de41890f318b"},"headline":"Richtfest f\u00fcr die &#8220;Eberhardh\u00f6fe&#8221; gefeiert","datePublished":"2018-03-01T14:40:03+00:00","mainEntityOfPage":{"@id":"https:\/\/competo-cp.de\/en\/richtfest-fuer-die-eberhardhoefe-gefeiert\/"},"wordCount":550,"publisher":{"@id":"https:\/\/competo-cp.de\/#organization"},"keywords":["2018"],"articleSection":["Press release"],"inLanguage":"en-US"},{"@type":"WebPage","@id":"https:\/\/competo-cp.de\/en\/richtfest-fuer-die-eberhardhoefe-gefeiert\/","url":"https:\/\/competo-cp.de\/en\/richtfest-fuer-die-eberhardhoefe-gefeiert\/","name":"Richtfest f\u00fcr die \"Eberhardh\u00f6fe\" gefeiert - Competo Capital Partners","isPartOf":{"@id":"https:\/\/competo-cp.de\/#website"},"datePublished":"2018-03-01T14:40:03+00:00","breadcrumb":{"@id":"https:\/\/competo-cp.de\/en\/richtfest-fuer-die-eberhardhoefe-gefeiert\/#breadcrumb"},"inLanguage":"en-US","potentialAction":[{"@type":"ReadAction","target":["https:\/\/competo-cp.de\/en\/richtfest-fuer-die-eberhardhoefe-gefeiert\/"]}]},{"@type":"BreadcrumbList","@id":"https:\/\/competo-cp.de\/en\/richtfest-fuer-die-eberhardhoefe-gefeiert\/#breadcrumb","itemListElement":[{"@type":"ListItem","position":1,"name":"Home","item":"https:\/\/competo-cp.de\/en\/"},{"@type":"ListItem","position":2,"name":"Richtfest f\u00fcr die &#8220;Eberhardh\u00f6fe&#8221; gefeiert"}]},{"@type":"WebSite","@id":"https:\/\/competo-cp.de\/#website","url":"https:\/\/competo-cp.de\/","name":"Competo Capital Partners","description":"","publisher":{"@id":"https:\/\/competo-cp.de\/#organization"},"potentialAction":[{"@type":"SearchAction","target":{"@type":"EntryPoint","urlTemplate":"https:\/\/competo-cp.de\/?s={search_term_string}"},"query-input":{"@type":"PropertyValueSpecification","valueRequired":true,"valueName":"search_term_string"}}],"inLanguage":"en-US"},{"@type":"Organization","@id":"https:\/\/competo-cp.de\/#organization","name":"Competo Capital Partners","url":"https:\/\/competo-cp.de\/","logo":{"@type":"ImageObject","inLanguage":"en-US","@id":"https:\/\/competo-cp.de\/#\/schema\/logo\/image\/","url":"https:\/\/competo-cp.de\/wp-content\/uploads\/2024\/04\/20240405_COM_001_LOGO_COMPETO-CP_BLACK_1.0.svg","contentUrl":"https:\/\/competo-cp.de\/wp-content\/uploads\/2024\/04\/20240405_COM_001_LOGO_COMPETO-CP_BLACK_1.0.svg","width":978,"height":280,"caption":"Competo Capital Partners"},"image":{"@id":"https:\/\/competo-cp.de\/#\/schema\/logo\/image\/"},"sameAs":["https:\/\/de.linkedin.com\/company\/competo-capital-partners-gmbh","https:\/\/www.instagram.com\/competo_capital_partners\/"]},{"@type":"Person","@id":"https:\/\/competo-cp.de\/#\/schema\/person\/1935b9c8afda67088fa1de41890f318b","name":"Vassia","image":{"@type":"ImageObject","inLanguage":"en-US","@id":"https:\/\/competo-cp.de\/#\/schema\/person\/image\/","url":"https:\/\/secure.gravatar.com\/avatar\/1ed667b70ce8136e6249e333c2144914eb1ed3445c6e6e8ea9bc60adf7f6eb52?s=96&d=mm&r=g","contentUrl":"https:\/\/secure.gravatar.com\/avatar\/1ed667b70ce8136e6249e333c2144914eb1ed3445c6e6e8ea9bc60adf7f6eb52?s=96&d=mm&r=g","caption":"Vassia"},"url":"https:\/\/competo-cp.de\/en\/author\/vassia\/"}]}},"_links":{"self":[{"href":"https:\/\/competo-cp.de\/en\/wp-json\/wp\/v2\/posts\/2023","targetHints":{"allow":["GET"]}}],"collection":[{"href":"https:\/\/competo-cp.de\/en\/wp-json\/wp\/v2\/posts"}],"about":[{"href":"https:\/\/competo-cp.de\/en\/wp-json\/wp\/v2\/types\/post"}],"author":[{"embeddable":true,"href":"https:\/\/competo-cp.de\/en\/wp-json\/wp\/v2\/users\/2"}],"replies":[{"embeddable":true,"href":"https:\/\/competo-cp.de\/en\/wp-json\/wp\/v2\/comments?post=2023"}],"version-history":[{"count":0,"href":"https:\/\/competo-cp.de\/en\/wp-json\/wp\/v2\/posts\/2023\/revisions"}],"wp:attachment":[{"href":"https:\/\/competo-cp.de\/en\/wp-json\/wp\/v2\/media?parent=2023"}],"wp:term":[{"taxonomy":"category","embeddable":true,"href":"https:\/\/competo-cp.de\/en\/wp-json\/wp\/v2\/categories?post=2023"},{"taxonomy":"post_tag","embeddable":true,"href":"https:\/\/competo-cp.de\/en\/wp-json\/wp\/v2\/tags?post=2023"}],"curies":[{"name":"wp","href":"https:\/\/api.w.org\/{rel}","templated":true}]}}