{"id":2030,"date":"2017-04-25T16:01:00","date_gmt":"2017-04-25T14:01:00","guid":{"rendered":"https:\/\/competo-cp.de\/der-grundstein-fuer-das-airfield-office-wurde-gelegt\/"},"modified":"2017-04-25T16:01:00","modified_gmt":"2017-04-25T14:01:00","slug":"der-grundstein-fuer-das-airfield-office-wurde-gelegt","status":"publish","type":"post","link":"https:\/\/competo-cp.de\/en\/der-grundstein-fuer-das-airfield-office-wurde-gelegt\/","title":{"rendered":"Der Grundstein f\u00fcr das &#8220;Airfield Office&#8221; wurde gelegt"},"content":{"rendered":"<div class=\"wpb-content-wrapper\"><p>[vc_row section_type=&#8221;fullwidth&#8221; height_ratio=&#8221;40&#8243; padding_top_multiplier=&#8221;&#8221; rc_heading_color=&#8221;white&#8221; columns_gap=&#8221;30&#8243;][vc_column vertical_content_position=&#8221;bottom&#8221; full_height=&#8221;yes&#8221; rc_bg_type=&#8221;color&#8221; rc_bg_color=&#8221;#ed540c&#8221; grve_css=&#8221;{&#8220;desktop&#8220;:{&#8220;padding-right&#8220;:&#8220;30px&#8220;,&#8220;padding-bottom&#8220;:&#8220;30px&#8220;,&#8220;padding-left&#8220;:&#8220;30px&#8220;,&#8220;class&#8220;:&#8220;grve-wpb-1713782296622&#8220;},&#8220;mobile_landscape&#8220;:{&#8220;padding-top&#8220;:&#8220;30px&#8220;,&#8220;padding-right&#8220;:&#8220;15px&#8220;,&#8220;padding-left&#8220;:&#8220;15px&#8220;}}&#8221;]<h1 class=\"grve-element grve-title grve-align-inherit grve-h1 competo-headline\"><span>Der Grundstein f\u00fcr das &#8220;Airfield Office&#8221; wurde gelegt<\/span><\/h1>[\/vc_column][\/vc_row][vc_row section_type=&#8221;fullwidth&#8221; columns_gap=&#8221;60&#8243;][vc_column width=&#8221;2\/3&#8243; content_width=&#8221;95&#8243; mobile_content_width=&#8221;100&#8243;][vc_column_text css=&#8221;&#8221;]<strong>B\u00f6blingen, 25. April 2017.<\/strong>\u00a0In unmittelbarer Nachbarschaft zum S- und Fern- Bahnhof B\u00f6blingen und dem Zentralen Omnibusbahnhof wurde am 24. April 2017 auf dem Flugfeld B\u00f6blingen\/Sindelfingen der Baustart f\u00fcr das \u201eAIRFIELD OFFICE\u201c gefeiert. Vor knapp 80 G\u00e4sten legte Oberb\u00fcrgermeister Wolfgang L\u00fctzner zusammen mit dem verantwortlichen Architekten Stefan Willwersch und dem Technischen Direktionsleiter der Ed. Z\u00fcblin AG, Harald Supper, den Grundstein f\u00fcr das klassisch-moderne B\u00fcro- und Gesch\u00e4ftshaus, das seinen unverwechselbaren Charakter durch die Fassade mit ihren gro\u00dfz\u00fcgigen und bodentiefen Fensterfl\u00e4chen sowie attraktiv gestalteten Innenh\u00f6fen mit Balkonen und Dachterrassen erh\u00e4lt. An der Zeremonie nahmen von Seiten des Bauherrn die beiden Gesch\u00e4ftsf\u00fchrer Ralf Simon und Frank Widmann teil.<\/p>\n<p>Ab Herbst 2018 wird der neue, f\u00fcnfgeschossige Geb\u00e4udekomplex an der Konrad-Zuse-Stra\u00dfe auf \u00fcber 11.400 m\u00b2 Gesamtmietfl\u00e4che attraktive B\u00fcro- und Handelsfl\u00e4chen bieten. Einladend gestaltete Foyer- und Eingangsbereiche mit repr\u00e4sentativen Aufzugsvorr\u00e4umen geh\u00f6ren ebenso zu den Merkmalen wie eine Geb\u00e4udetiefe, dank derer auf den insgesamt f\u00fcnf Stockwerken alle Formen einer nachhaltigen und flexiblen Nutzung m\u00f6glich sind. Von einem Open Space \u00fcber Kombizonen bis hin zur Anordnung von Einzel- und Gruppenb\u00fcros lassen sich auf einer Gesamtfl\u00e4che von ca. 8.688 m\u00b2 in den vier Obergeschossen nahezu alle nutzerspezifischen Grundrisslayouts realisieren. Dabei kann das jeweils gew\u00fcnschte Raumprogramm in Einheiten von ca. 245 m\u00b2 und bis zu 2.232 m\u00b2 verwirklicht werden. Hinzu kommt eine Fl\u00e4che von weiteren ca. 2.720 m\u00b2 im Erdgeschoss, auf der Gastronomie-, Showroom- oder weitere B\u00fcronutzungen m\u00f6glich sind.<\/p>\n<p>Der f\u00fcr das Projekt zust\u00e4ndige Architekt Stefan Willwersch verwies auf den \u201ehervorragenden Standort in unmittelbarer N\u00e4he zum Bahnhof B\u00f6blingen\u201c und betonte, an der Konrad-Zuse-Stra\u00dfe einen Neubau verwirklichen zu wollen, \u201eder auf dem Flugfeld neue Ma\u00dfst\u00e4be in puncto \u00c4sthetik, Ausstattung, Aufenthaltsqualit\u00e4t und Funktionalit\u00e4t setzen wird\u201c.<\/p>\n<p>In direktem Umfeld des \u201eAIRFIELD OFFICE\u201c befinden sich Hotels und Restaurants, Bistros und Caf\u00e9s und durch die optimale Verkehrsanbindung zur A81 liegen der Flughafen Stuttgart sowie die Neue Messe Stuttgart nur rund 20 Minuten entfernt.<\/p>\n<p>Das Geb\u00e4ude verf\u00fcgt \u00fcber zwei Tiefgaragenebenen mit 185 Kfz-Stellpl\u00e4tzen, die von der Konrad-Zuse-Stra\u00dfe \u00fcber eine eigene Zufahrtstra\u00dfe erschlossen werden. Dazu geh\u00f6ren sechs Stellpl\u00e4tze, die mit Ladestationen f\u00fcr Elektrofahrzeuge ausgestattet werden. Im 1. Untergeschoss gibt es dar\u00fcber hinaus 167 separat angeordnete Stellpl\u00e4tze f\u00fcr Fahrr\u00e4der.<\/p>\n<p>Bei der Planung wurde besonderes Augenmerk auf Nachhaltigkeit, Energieeffizienz und optimierte Betriebskosten gelegt. Das Geb\u00e4ude soll auf Basis aktueller Nachhaltigkeitskriterien im Green Building Standard nach LEED zertifiziert werden. Dabei sorgt ein Heiz-\/K\u00fchlsystem mit Betonkernaktivierung, eine mechanische Be- und Entl\u00fcftung mit W\u00e4rmer\u00fcckgewinnung sowie die zus\u00e4tzliche M\u00f6glichkeit \u00f6ffenbarer Fenster f\u00fcr ein ideales Raumklima.<\/p>\n<p>Eigent\u00fcmer ist die gleichnamige Projektgesellschaft AIRFIELD OFFICE GmbH &amp; Co. KG, ein Joint-Venture der W2 Development GmbH in Stuttgart und der M\u00fcnchner Investmentgesellschaft Competo Capital Partners GmbH. Die H\u00f6he der Gesamt-investition f\u00fcr dieses Bauprojekt betr\u00e4gt rund 46 Millionen Euro.[\/vc_column_text][\/vc_column][vc_column width=&#8221;1\/3&#8243; rc_heading_color=&#8221;primary-1&#8243; column_sticky=&#8221;yes&#8221; column_sticky_offset=&#8221;120&#8243;]<div class=\"grve-element grve-divider\" style=\"padding-top: 6px;padding-bottom: 6px;\"><span class=\"grve-custom-divider grve-bg-primary-1 grve-align-inherit\" style=\"width: 100%;height: 1px;\"><\/span><\/div><h3 class=\"grve-element grve-title grve-align-inherit grve-subtitle-text\"><span>Presse Kontakt<\/span><\/h3>[vc_widget_sidebar sidebar_id=&#8221;grve-default-sidebar&#8221;]<div class=\"grve-element grve-divider\" style=\"padding-top: 6px;padding-bottom: 6px;\"><span class=\"grve-custom-divider grve-bg-primary-1 grve-align-inherit\" style=\"width: 100%;height: 1px;\"><\/span><\/div>[\/vc_column][\/vc_row]<\/p>\n<\/div>","protected":false},"excerpt":{"rendered":"<p>Ab Herbst 2018 bietet das neue Geb\u00e4ude an der Konrad-Zuse-Stra\u00dfe mehr als 11.400 m\u00b2 repr\u00e4sentative B\u00fcro- und Handelsfl\u00e4chen auf f\u00fcnf Stockwerken. Bodentiefe Fensterfl\u00e4chen und attraktiv gestaltete Innenh\u00f6fe sorgen f\u00fcr den unverwechselbaren Charakter des modernen B\u00fcro- und Gesch\u00e4ftshauses.<\/p>\n","protected":false},"author":2,"featured_media":1191,"comment_status":"closed","ping_status":"closed","sticky":false,"template":"","format":"standard","meta":{"footnotes":""},"categories":[47],"tags":[55],"class_list":["post-2030","post","type-post","status-publish","format-standard","has-post-thumbnail","hentry","category-press-release","tag-2017-en","grve-entry-item","grve-blog-item"],"yoast_head":"<!-- This site is optimized with the Yoast SEO plugin v26.9 - https:\/\/yoast.com\/product\/yoast-seo-wordpress\/ -->\n<title>Der Grundstein f\u00fcr das &quot;Airfield Office&quot; wurde gelegt - Competo Capital Partners<\/title>\n<meta name=\"robots\" content=\"index, follow, max-snippet:-1, max-image-preview:large, max-video-preview:-1\" \/>\n<link rel=\"canonical\" href=\"https:\/\/competo-cp.de\/en\/der-grundstein-fuer-das-airfield-office-wurde-gelegt\/\" \/>\n<meta property=\"og:locale\" content=\"en_US\" \/>\n<meta property=\"og:type\" content=\"article\" \/>\n<meta property=\"og:title\" content=\"Der Grundstein f\u00fcr das &quot;Airfield Office&quot; wurde gelegt - Competo Capital Partners\" \/>\n<meta property=\"og:description\" content=\"Ab Herbst 2018 bietet das neue Geb\u00e4ude an der Konrad-Zuse-Stra\u00dfe mehr als 11.400 m\u00b2 repr\u00e4sentative B\u00fcro- und Handelsfl\u00e4chen auf f\u00fcnf Stockwerken. Bodentiefe Fensterfl\u00e4chen und attraktiv gestaltete Innenh\u00f6fe sorgen f\u00fcr den unverwechselbaren Charakter des modernen B\u00fcro- und Gesch\u00e4ftshauses.\" \/>\n<meta property=\"og:url\" content=\"https:\/\/competo-cp.de\/en\/der-grundstein-fuer-das-airfield-office-wurde-gelegt\/\" \/>\n<meta property=\"og:site_name\" content=\"Competo Capital Partners\" \/>\n<meta property=\"article:published_time\" content=\"2017-04-25T14:01:00+00:00\" \/>\n<meta name=\"author\" content=\"Vassia\" \/>\n<meta name=\"twitter:card\" content=\"summary_large_image\" \/>\n<meta name=\"twitter:label1\" content=\"Written by\" \/>\n\t<meta name=\"twitter:data1\" content=\"Vassia\" \/>\n\t<meta name=\"twitter:label2\" content=\"Est. reading time\" \/>\n\t<meta name=\"twitter:data2\" content=\"3 minutes\" \/>\n<script type=\"application\/ld+json\" class=\"yoast-schema-graph\">{\"@context\":\"https:\/\/schema.org\",\"@graph\":[{\"@type\":\"Article\",\"@id\":\"https:\/\/competo-cp.de\/en\/der-grundstein-fuer-das-airfield-office-wurde-gelegt\/#article\",\"isPartOf\":{\"@id\":\"https:\/\/competo-cp.de\/en\/der-grundstein-fuer-das-airfield-office-wurde-gelegt\/\"},\"author\":{\"name\":\"Vassia\",\"@id\":\"https:\/\/competo-cp.de\/#\/schema\/person\/1935b9c8afda67088fa1de41890f318b\"},\"headline\":\"Der Grundstein f\u00fcr das &#8220;Airfield Office&#8221; wurde gelegt\",\"datePublished\":\"2017-04-25T14:01:00+00:00\",\"mainEntityOfPage\":{\"@id\":\"https:\/\/competo-cp.de\/en\/der-grundstein-fuer-das-airfield-office-wurde-gelegt\/\"},\"wordCount\":670,\"publisher\":{\"@id\":\"https:\/\/competo-cp.de\/#organization\"},\"image\":{\"@id\":\"https:\/\/competo-cp.de\/en\/der-grundstein-fuer-das-airfield-office-wurde-gelegt\/#primaryimage\"},\"thumbnailUrl\":\"https:\/\/competo-cp.de\/wp-content\/uploads\/2017\/01\/startseite_T0A3505-kl.jpg\",\"keywords\":[\"2017\"],\"articleSection\":[\"Press release\"],\"inLanguage\":\"en-US\"},{\"@type\":\"WebPage\",\"@id\":\"https:\/\/competo-cp.de\/en\/der-grundstein-fuer-das-airfield-office-wurde-gelegt\/\",\"url\":\"https:\/\/competo-cp.de\/en\/der-grundstein-fuer-das-airfield-office-wurde-gelegt\/\",\"name\":\"Der Grundstein f\u00fcr das \\\"Airfield Office\\\" wurde gelegt - Competo Capital Partners\",\"isPartOf\":{\"@id\":\"https:\/\/competo-cp.de\/#website\"},\"primaryImageOfPage\":{\"@id\":\"https:\/\/competo-cp.de\/en\/der-grundstein-fuer-das-airfield-office-wurde-gelegt\/#primaryimage\"},\"image\":{\"@id\":\"https:\/\/competo-cp.de\/en\/der-grundstein-fuer-das-airfield-office-wurde-gelegt\/#primaryimage\"},\"thumbnailUrl\":\"https:\/\/competo-cp.de\/wp-content\/uploads\/2017\/01\/startseite_T0A3505-kl.jpg\",\"datePublished\":\"2017-04-25T14:01:00+00:00\",\"breadcrumb\":{\"@id\":\"https:\/\/competo-cp.de\/en\/der-grundstein-fuer-das-airfield-office-wurde-gelegt\/#breadcrumb\"},\"inLanguage\":\"en-US\",\"potentialAction\":[{\"@type\":\"ReadAction\",\"target\":[\"https:\/\/competo-cp.de\/en\/der-grundstein-fuer-das-airfield-office-wurde-gelegt\/\"]}]},{\"@type\":\"ImageObject\",\"inLanguage\":\"en-US\",\"@id\":\"https:\/\/competo-cp.de\/en\/der-grundstein-fuer-das-airfield-office-wurde-gelegt\/#primaryimage\",\"url\":\"https:\/\/competo-cp.de\/wp-content\/uploads\/2017\/01\/startseite_T0A3505-kl.jpg\",\"contentUrl\":\"https:\/\/competo-cp.de\/wp-content\/uploads\/2017\/01\/startseite_T0A3505-kl.jpg\",\"width\":1000,\"height\":667},{\"@type\":\"BreadcrumbList\",\"@id\":\"https:\/\/competo-cp.de\/en\/der-grundstein-fuer-das-airfield-office-wurde-gelegt\/#breadcrumb\",\"itemListElement\":[{\"@type\":\"ListItem\",\"position\":1,\"name\":\"Home\",\"item\":\"https:\/\/competo-cp.de\/en\/\"},{\"@type\":\"ListItem\",\"position\":2,\"name\":\"Der Grundstein f\u00fcr das &#8220;Airfield Office&#8221; wurde gelegt\"}]},{\"@type\":\"WebSite\",\"@id\":\"https:\/\/competo-cp.de\/#website\",\"url\":\"https:\/\/competo-cp.de\/\",\"name\":\"Competo Capital Partners\",\"description\":\"\",\"publisher\":{\"@id\":\"https:\/\/competo-cp.de\/#organization\"},\"potentialAction\":[{\"@type\":\"SearchAction\",\"target\":{\"@type\":\"EntryPoint\",\"urlTemplate\":\"https:\/\/competo-cp.de\/?s={search_term_string}\"},\"query-input\":{\"@type\":\"PropertyValueSpecification\",\"valueRequired\":true,\"valueName\":\"search_term_string\"}}],\"inLanguage\":\"en-US\"},{\"@type\":\"Organization\",\"@id\":\"https:\/\/competo-cp.de\/#organization\",\"name\":\"Competo Capital Partners\",\"url\":\"https:\/\/competo-cp.de\/\",\"logo\":{\"@type\":\"ImageObject\",\"inLanguage\":\"en-US\",\"@id\":\"https:\/\/competo-cp.de\/#\/schema\/logo\/image\/\",\"url\":\"https:\/\/competo-cp.de\/wp-content\/uploads\/2024\/04\/20240405_COM_001_LOGO_COMPETO-CP_BLACK_1.0.svg\",\"contentUrl\":\"https:\/\/competo-cp.de\/wp-content\/uploads\/2024\/04\/20240405_COM_001_LOGO_COMPETO-CP_BLACK_1.0.svg\",\"width\":978,\"height\":280,\"caption\":\"Competo Capital Partners\"},\"image\":{\"@id\":\"https:\/\/competo-cp.de\/#\/schema\/logo\/image\/\"},\"sameAs\":[\"https:\/\/de.linkedin.com\/company\/competo-capital-partners-gmbh\",\"https:\/\/www.instagram.com\/competo_capital_partners\/\"]},{\"@type\":\"Person\",\"@id\":\"https:\/\/competo-cp.de\/#\/schema\/person\/1935b9c8afda67088fa1de41890f318b\",\"name\":\"Vassia\",\"image\":{\"@type\":\"ImageObject\",\"inLanguage\":\"en-US\",\"@id\":\"https:\/\/competo-cp.de\/#\/schema\/person\/image\/\",\"url\":\"https:\/\/secure.gravatar.com\/avatar\/1ed667b70ce8136e6249e333c2144914eb1ed3445c6e6e8ea9bc60adf7f6eb52?s=96&d=mm&r=g\",\"contentUrl\":\"https:\/\/secure.gravatar.com\/avatar\/1ed667b70ce8136e6249e333c2144914eb1ed3445c6e6e8ea9bc60adf7f6eb52?s=96&d=mm&r=g\",\"caption\":\"Vassia\"},\"url\":\"https:\/\/competo-cp.de\/en\/author\/vassia\/\"}]}<\/script>\n<!-- \/ Yoast SEO plugin. -->","yoast_head_json":{"title":"Der Grundstein f\u00fcr das \"Airfield Office\" wurde gelegt - Competo Capital Partners","robots":{"index":"index","follow":"follow","max-snippet":"max-snippet:-1","max-image-preview":"max-image-preview:large","max-video-preview":"max-video-preview:-1"},"canonical":"https:\/\/competo-cp.de\/en\/der-grundstein-fuer-das-airfield-office-wurde-gelegt\/","og_locale":"en_US","og_type":"article","og_title":"Der Grundstein f\u00fcr das \"Airfield Office\" wurde gelegt - Competo Capital Partners","og_description":"Ab Herbst 2018 bietet das neue Geb\u00e4ude an der Konrad-Zuse-Stra\u00dfe mehr als 11.400 m\u00b2 repr\u00e4sentative B\u00fcro- und Handelsfl\u00e4chen auf f\u00fcnf Stockwerken. Bodentiefe Fensterfl\u00e4chen und attraktiv gestaltete Innenh\u00f6fe sorgen f\u00fcr den unverwechselbaren Charakter des modernen B\u00fcro- und Gesch\u00e4ftshauses.","og_url":"https:\/\/competo-cp.de\/en\/der-grundstein-fuer-das-airfield-office-wurde-gelegt\/","og_site_name":"Competo Capital Partners","article_published_time":"2017-04-25T14:01:00+00:00","author":"Vassia","twitter_card":"summary_large_image","twitter_misc":{"Written by":"Vassia","Est. reading time":"3 minutes"},"schema":{"@context":"https:\/\/schema.org","@graph":[{"@type":"Article","@id":"https:\/\/competo-cp.de\/en\/der-grundstein-fuer-das-airfield-office-wurde-gelegt\/#article","isPartOf":{"@id":"https:\/\/competo-cp.de\/en\/der-grundstein-fuer-das-airfield-office-wurde-gelegt\/"},"author":{"name":"Vassia","@id":"https:\/\/competo-cp.de\/#\/schema\/person\/1935b9c8afda67088fa1de41890f318b"},"headline":"Der Grundstein f\u00fcr das &#8220;Airfield Office&#8221; wurde gelegt","datePublished":"2017-04-25T14:01:00+00:00","mainEntityOfPage":{"@id":"https:\/\/competo-cp.de\/en\/der-grundstein-fuer-das-airfield-office-wurde-gelegt\/"},"wordCount":670,"publisher":{"@id":"https:\/\/competo-cp.de\/#organization"},"image":{"@id":"https:\/\/competo-cp.de\/en\/der-grundstein-fuer-das-airfield-office-wurde-gelegt\/#primaryimage"},"thumbnailUrl":"https:\/\/competo-cp.de\/wp-content\/uploads\/2017\/01\/startseite_T0A3505-kl.jpg","keywords":["2017"],"articleSection":["Press release"],"inLanguage":"en-US"},{"@type":"WebPage","@id":"https:\/\/competo-cp.de\/en\/der-grundstein-fuer-das-airfield-office-wurde-gelegt\/","url":"https:\/\/competo-cp.de\/en\/der-grundstein-fuer-das-airfield-office-wurde-gelegt\/","name":"Der Grundstein f\u00fcr das \"Airfield Office\" wurde gelegt - Competo Capital Partners","isPartOf":{"@id":"https:\/\/competo-cp.de\/#website"},"primaryImageOfPage":{"@id":"https:\/\/competo-cp.de\/en\/der-grundstein-fuer-das-airfield-office-wurde-gelegt\/#primaryimage"},"image":{"@id":"https:\/\/competo-cp.de\/en\/der-grundstein-fuer-das-airfield-office-wurde-gelegt\/#primaryimage"},"thumbnailUrl":"https:\/\/competo-cp.de\/wp-content\/uploads\/2017\/01\/startseite_T0A3505-kl.jpg","datePublished":"2017-04-25T14:01:00+00:00","breadcrumb":{"@id":"https:\/\/competo-cp.de\/en\/der-grundstein-fuer-das-airfield-office-wurde-gelegt\/#breadcrumb"},"inLanguage":"en-US","potentialAction":[{"@type":"ReadAction","target":["https:\/\/competo-cp.de\/en\/der-grundstein-fuer-das-airfield-office-wurde-gelegt\/"]}]},{"@type":"ImageObject","inLanguage":"en-US","@id":"https:\/\/competo-cp.de\/en\/der-grundstein-fuer-das-airfield-office-wurde-gelegt\/#primaryimage","url":"https:\/\/competo-cp.de\/wp-content\/uploads\/2017\/01\/startseite_T0A3505-kl.jpg","contentUrl":"https:\/\/competo-cp.de\/wp-content\/uploads\/2017\/01\/startseite_T0A3505-kl.jpg","width":1000,"height":667},{"@type":"BreadcrumbList","@id":"https:\/\/competo-cp.de\/en\/der-grundstein-fuer-das-airfield-office-wurde-gelegt\/#breadcrumb","itemListElement":[{"@type":"ListItem","position":1,"name":"Home","item":"https:\/\/competo-cp.de\/en\/"},{"@type":"ListItem","position":2,"name":"Der Grundstein f\u00fcr das &#8220;Airfield Office&#8221; wurde gelegt"}]},{"@type":"WebSite","@id":"https:\/\/competo-cp.de\/#website","url":"https:\/\/competo-cp.de\/","name":"Competo Capital Partners","description":"","publisher":{"@id":"https:\/\/competo-cp.de\/#organization"},"potentialAction":[{"@type":"SearchAction","target":{"@type":"EntryPoint","urlTemplate":"https:\/\/competo-cp.de\/?s={search_term_string}"},"query-input":{"@type":"PropertyValueSpecification","valueRequired":true,"valueName":"search_term_string"}}],"inLanguage":"en-US"},{"@type":"Organization","@id":"https:\/\/competo-cp.de\/#organization","name":"Competo Capital Partners","url":"https:\/\/competo-cp.de\/","logo":{"@type":"ImageObject","inLanguage":"en-US","@id":"https:\/\/competo-cp.de\/#\/schema\/logo\/image\/","url":"https:\/\/competo-cp.de\/wp-content\/uploads\/2024\/04\/20240405_COM_001_LOGO_COMPETO-CP_BLACK_1.0.svg","contentUrl":"https:\/\/competo-cp.de\/wp-content\/uploads\/2024\/04\/20240405_COM_001_LOGO_COMPETO-CP_BLACK_1.0.svg","width":978,"height":280,"caption":"Competo Capital Partners"},"image":{"@id":"https:\/\/competo-cp.de\/#\/schema\/logo\/image\/"},"sameAs":["https:\/\/de.linkedin.com\/company\/competo-capital-partners-gmbh","https:\/\/www.instagram.com\/competo_capital_partners\/"]},{"@type":"Person","@id":"https:\/\/competo-cp.de\/#\/schema\/person\/1935b9c8afda67088fa1de41890f318b","name":"Vassia","image":{"@type":"ImageObject","inLanguage":"en-US","@id":"https:\/\/competo-cp.de\/#\/schema\/person\/image\/","url":"https:\/\/secure.gravatar.com\/avatar\/1ed667b70ce8136e6249e333c2144914eb1ed3445c6e6e8ea9bc60adf7f6eb52?s=96&d=mm&r=g","contentUrl":"https:\/\/secure.gravatar.com\/avatar\/1ed667b70ce8136e6249e333c2144914eb1ed3445c6e6e8ea9bc60adf7f6eb52?s=96&d=mm&r=g","caption":"Vassia"},"url":"https:\/\/competo-cp.de\/en\/author\/vassia\/"}]}},"_links":{"self":[{"href":"https:\/\/competo-cp.de\/en\/wp-json\/wp\/v2\/posts\/2030","targetHints":{"allow":["GET"]}}],"collection":[{"href":"https:\/\/competo-cp.de\/en\/wp-json\/wp\/v2\/posts"}],"about":[{"href":"https:\/\/competo-cp.de\/en\/wp-json\/wp\/v2\/types\/post"}],"author":[{"embeddable":true,"href":"https:\/\/competo-cp.de\/en\/wp-json\/wp\/v2\/users\/2"}],"replies":[{"embeddable":true,"href":"https:\/\/competo-cp.de\/en\/wp-json\/wp\/v2\/comments?post=2030"}],"version-history":[{"count":0,"href":"https:\/\/competo-cp.de\/en\/wp-json\/wp\/v2\/posts\/2030\/revisions"}],"wp:featuredmedia":[{"embeddable":true,"href":"https:\/\/competo-cp.de\/en\/wp-json\/wp\/v2\/media\/1191"}],"wp:attachment":[{"href":"https:\/\/competo-cp.de\/en\/wp-json\/wp\/v2\/media?parent=2030"}],"wp:term":[{"taxonomy":"category","embeddable":true,"href":"https:\/\/competo-cp.de\/en\/wp-json\/wp\/v2\/categories?post=2030"},{"taxonomy":"post_tag","embeddable":true,"href":"https:\/\/competo-cp.de\/en\/wp-json\/wp\/v2\/tags?post=2030"}],"curies":[{"name":"wp","href":"https:\/\/api.w.org\/{rel}","templated":true}]}}